{"id":3782,"date":"2018-11-30T12:08:00","date_gmt":"2018-11-30T12:08:00","guid":{"rendered":"https:\/\/www.ecletismomusical.pt\/?p=3782"},"modified":"2018-11-30T12:10:48","modified_gmt":"2018-11-30T12:10:48","slug":"entrevista-flak","status":"publish","type":"post","link":"https:\/\/www.ecletismomusical.pt\/en\/entrevista-flak\/","title":{"rendered":"[Interview] FLAK"},"content":{"rendered":"<p><span style=\"font-family: verdana, geneva, sans-serif;font-size: 14pt\">Falar de FLAK (Jo\u00e3o Pires de Campos) \u00e9 falar da hist\u00f3ria da m\u00fasica Portuguesa. Para al\u00e9m de fundador dos R\u00e1dio Macau e distinto membro dos Palma&#8217;s Gang e Micro Audio Waves, tem uma longa e prof\u00edcua carreira enquanto produtor. Recentemente lan\u00e7ou &#8220;Cidade Fant\u00e1stica&#8221;, apenas o seu 2\u00ba \u00e1lbum a solo, numa longa e intensa vida enquanto artista. Fiquem a conhec\u00ea-lo melhor.<\/span><\/p>\n<p><img class=\"alignnone size-full wp-image-3783\" src=\"https:\/\/www.ecletismomusical.pt\/wp-content\/uploads\/2018\/11\/44475012_1097397500424165_3416666412616253440_n.jpg\" alt=\"\" width=\"774\" height=\"750\" srcset=\"https:\/\/www.ecletismomusical.pt\/wp-content\/uploads\/2018\/11\/44475012_1097397500424165_3416666412616253440_n.jpg 774w, https:\/\/www.ecletismomusical.pt\/wp-content\/uploads\/2018\/11\/44475012_1097397500424165_3416666412616253440_n-300x291.jpg 300w, https:\/\/www.ecletismomusical.pt\/wp-content\/uploads\/2018\/11\/44475012_1097397500424165_3416666412616253440_n-768x744.jpg 768w\" \/><\/p>\n<p><strong><span style=\"font-family: verdana, geneva, sans-serif\">EM: Percorrendo a sua \u00abCidade Fant\u00e1stica\u00bb, somos como que levados por entre becos g\u00f3ticos, reflex\u00f5es sobre a contemporaneidade, pitadas de surrealismo. \u00c9 assim o seu universo interior?<\/span><\/strong><\/p>\n<p><span style=\"font-family: verdana, geneva, sans-serif\"><strong>FLAK:<\/strong> Parece-me que sim. O Batman o Edgar Alan Poe o Magritte o Andr\u00e9 Breton e o Trump andam por ai. J\u00e1 deixei de tentar compreender o mundo. Acho que a realidade \u00e9 apenas uma projec\u00e7\u00e3o que eu posso manipular e tenho-me dado bem com isso.<\/span><\/p>\n<p><iframe src=\"https:\/\/www.youtube.com\/embed\/30kozp0lo4U\" width=\"560\" height=\"315\" frameborder=\"0\" allowfullscreen=\"allowfullscreen\"><\/iframe><\/p>\n<p><span style=\"font-family: verdana, geneva, sans-serif\"><strong>EM: Este \u201cmanto branco\u201d est\u00e1 entre as consequ\u00eancias dos excessos e os \u201cestranhos dias levados em v\u00e3o\u201d da sociedade atual?<\/strong><\/span><\/p>\n<p><span style=\"font-family: verdana, geneva, sans-serif\"><strong>FLAK:<\/strong> O Strange Days dos Doors. \u00c9 estranho morrer-se aos 26 anos e quando se fez tanto em t\u00e3o pouco tempo. Depois o tempo come\u00e7a a correr mais depressa. De resto estamos na \u00e9poca de De-volution como profetizavam os Devo . Vivemos tempo muito estranhos. Nunca tivemos tanta facilidade em comunicar mas \u00e9 um di\u00e1logo de surdos.<\/span><\/p>\n<p><span style=\"font-family: verdana, geneva, sans-serif\"><strong>EM: O Benjamim tem uma enorme influ\u00eancia na sonoridade deste \u00e1lbum. Como surgiu essa parceria (que j\u00e1 n\u00e3o \u00e9 de agora)?<\/strong><\/span><\/p>\n<p><span style=\"font-family: verdana, geneva, sans-serif\"><strong>FLAK<\/strong>: Surgiu da vontade de partilharmos ideias e experi\u00eancias. Temos muito em comum em termos est\u00e9ticos e o Benjamim \u00e9 bom m\u00fasico tem energia e personalidade. Foram tempos bem passados e criativos.<\/span><\/p>\n<p><iframe src=\"https:\/\/www.youtube.com\/embed\/SjSfms_b3lY\" width=\"560\" height=\"315\" frameborder=\"0\" allowfullscreen=\"allowfullscreen\"><\/iframe><\/p>\n<p><strong><span style=\"font-family: verdana, geneva, sans-serif\">EM: Depois de um percurso t\u00e3o cheio de momentos altos, primeiro nos Radio Macau, mas tamb\u00e9m por exemplo nos Micro Audio Waves ou Palma\u00b4s Gang, onde continua a ir buscar a \u201cvontade da cria\u00e7\u00e3o\u201d?<br \/>\n<\/span><\/strong><br \/>\n<span style=\"font-family: verdana, geneva, sans-serif\"><strong>FLAK:<\/strong> Sou como aqueles senhores com 90 anos que tem uma mercearia e teimam em n\u00e3o a fechar porque \u00e9 isso que os mantem vivos. Agora a s\u00e9rio, acho que precisava de mais tempo do que aquele que tenho para por em pr\u00e1tica tudo o que tenho vontade.<\/span><\/p>\n<p><strong><span style=\"font-family: verdana, geneva, sans-serif\">EM: Existe em si, mais de guitarrista, compositor\/cantor ou produtor?<br \/>\n<\/span><\/strong><br \/>\n<span style=\"font-family: verdana, geneva, sans-serif\"><strong>FLAK:<\/strong> Gosto de compor. As outras s\u00e3o uma consequ\u00eancia. <\/span><\/p>\n<p><iframe src=\"https:\/\/www.youtube.com\/embed\/URXm5v9Fh3Q\" width=\"560\" height=\"315\" frameborder=\"0\" allowfullscreen=\"allowfullscreen\"><\/iframe><\/p>\n<p><strong><span style=\"font-family: verdana, geneva, sans-serif\">EM: Sendo um ouvinte atento do que se vai fazendo atualmente na m\u00fasica portuguesa, consegue identificar bandas que sejam como que filhos dos Radio Macau em termos de influ\u00eancias? Acha que o sucesso dos Radio Macau est\u00e1 datado e pertence a uma \u00e9poca espec\u00edfica e irrepet\u00edvel ou pode voltar a existir?<\/span><\/strong><\/p>\n<p><span style=\"font-family: verdana, geneva, sans-serif\"><strong>FLAK:<\/strong> Acho que grande parte da m\u00fasica dos R\u00e1dio Macau \u00e9 um segredo s\u00f3 para alguns. Mas n\u00f3s tamb\u00e9m n\u00e3o temos tido o cuidado de a divulgar como deve de ser. Discos como a Marca Amarela ou o Disco Pirata n\u00e3o est\u00e3o dispon\u00edveis nas plataformas digitais e s\u00e3o discos super interessantes.<\/span><\/p>\n<p><strong><span style=\"font-family: verdana, geneva, sans-serif\">EM: A prop\u00f3sito, qual considera ser o \u00abestado d\u2019arte\u00bb da m\u00fasica feita em Portugal?<\/span><\/strong><\/p>\n<p><span style=\"font-family: verdana, geneva, sans-serif\"><strong>FLAK:<\/strong> Nunca esteve t\u00e3o bem. A quantidade a diversidade e a qualidade da m\u00fasica que se faz em Portugal \u00e9 impressionante para um pa\u00eds t\u00e3o pequeno. Tanto que \u00e0s vezes se torna dif\u00edcil a sobreviv\u00eancia. Toca-se melhor mas ganha-se menos.<\/span><\/p>\n<p><iframe src=\"https:\/\/www.youtube.com\/embed\/JnWsVq2CWxU\" width=\"560\" height=\"315\" frameborder=\"0\" allowfullscreen=\"allowfullscreen\"><\/iframe><\/p>\n<p><strong><span style=\"font-family: verdana, geneva, sans-serif\">EM: Que nomes colocava no seu \u201cFestival Ideal\u201d? (Vivos ou n\u00e3o)<\/span><\/strong><\/p>\n<p><span style=\"font-family: verdana, geneva, sans-serif\"><strong>FLAK:<\/strong> Gostava de ter estado no festival de Jazz de Cascais quando veio c\u00e1 o Miles Davis. Era muito novo.<\/span><\/p>\n<p><span style=\"font-family: verdana, geneva, sans-serif\">Gostava de ter visto Jimi Hendrix. De resto prefiro ver coisas novas. Ser surpreendido.<\/span><\/p>\n<p><strong><span style=\"font-family: verdana, geneva, sans-serif\">EM: Se tivesse que identificar os 5 melhores \u00e1lbuns de sempre, qual era a sua escolha? E porqu\u00ea?<\/span><\/strong><\/p>\n<p><span style=\"font-family: verdana, geneva, sans-serif\"><strong>FLAK:<\/strong> N\u00e3o existem cinco melhores \u00e1lbuns em absoluto. Depende dos dias e do g\u00e9nero para que estejamos virados mas ai v\u00e3o cinco.<\/span><\/p>\n<p><strong><span style=\"font-family: verdana, geneva, sans-serif\">Beatles &#8211;\u00a0Revolver <\/span><\/strong><\/p>\n<p><img class=\"alignnone wp-image-3785\" src=\"https:\/\/www.ecletismomusical.pt\/wp-content\/uploads\/2018\/11\/61I5KdinQlL._SY355_.jpg\" alt=\"\" width=\"222\" height=\"222\" srcset=\"https:\/\/www.ecletismomusical.pt\/wp-content\/uploads\/2018\/11\/61I5KdinQlL._SY355_.jpg 355w, https:\/\/www.ecletismomusical.pt\/wp-content\/uploads\/2018\/11\/61I5KdinQlL._SY355_-150x150.jpg 150w, https:\/\/www.ecletismomusical.pt\/wp-content\/uploads\/2018\/11\/61I5KdinQlL._SY355_-300x300.jpg 300w\" \/><\/p>\n<p><span style=\"font-family: verdana, geneva, sans-serif\"><strong>Velvet Underground &#8211;\u00a0Velvet Underground<\/strong>\u00a0<\/span><\/p>\n<p><img class=\"alignnone wp-image-3787\" src=\"https:\/\/www.ecletismomusical.pt\/wp-content\/uploads\/2018\/11\/220px-Velvetundergroundthirdalbum.jpg\" alt=\"\" width=\"221\" height=\"221\" srcset=\"https:\/\/www.ecletismomusical.pt\/wp-content\/uploads\/2018\/11\/220px-Velvetundergroundthirdalbum.jpg 220w, https:\/\/www.ecletismomusical.pt\/wp-content\/uploads\/2018\/11\/220px-Velvetundergroundthirdalbum-150x150.jpg 150w\" \/><\/p>\n<p><strong><span style=\"font-family: verdana, geneva, sans-serif\">Pink Floyd &#8211;\u00a0 Piper Gates of Dawn<\/span><\/strong><\/p>\n<p><img class=\"alignnone wp-image-3786\" src=\"https:\/\/www.ecletismomusical.pt\/wp-content\/uploads\/2018\/11\/transferir-6.jpg\" alt=\"\" width=\"222\" height=\"219\" \/><\/p>\n<p><strong><span style=\"font-family: verdana, geneva, sans-serif\">Steve Reich &#8211; Music for 18 Musicians<\/span><\/strong><\/p>\n<p><img class=\"alignnone wp-image-3788\" src=\"https:\/\/www.ecletismomusical.pt\/wp-content\/uploads\/2018\/11\/Musicfor18cover.jpg\" alt=\"\" width=\"220\" height=\"220\" srcset=\"https:\/\/www.ecletismomusical.pt\/wp-content\/uploads\/2018\/11\/Musicfor18cover.jpg 300w, https:\/\/www.ecletismomusical.pt\/wp-content\/uploads\/2018\/11\/Musicfor18cover-150x150.jpg 150w\" \/><\/p>\n<p><strong><span style=\"font-family: verdana, geneva, sans-serif\">Astor Piazzolla &#8211;\u00a0Tango: Zero Hour<\/span><\/strong><\/p>\n<p><img class=\"alignnone size-full wp-image-3789\" src=\"https:\/\/www.ecletismomusical.pt\/wp-content\/uploads\/2018\/11\/220px-\u00c1stor_Piazzolla_And_The_New_Tango_Quintet_-_1986_-_Tango_-_Zero_Hour.jpg\" alt=\"\" width=\"220\" height=\"220\" srcset=\"https:\/\/www.ecletismomusical.pt\/wp-content\/uploads\/2018\/11\/220px-\u00c1stor_Piazzolla_And_The_New_Tango_Quintet_-_1986_-_Tango_-_Zero_Hour.jpg 220w, https:\/\/www.ecletismomusical.pt\/wp-content\/uploads\/2018\/11\/220px-\u00c1stor_Piazzolla_And_The_New_Tango_Quintet_-_1986_-_Tango_-_Zero_Hour-150x150.jpg 150w\" \/><\/p>\n<p><span style=\"font-family: verdana, geneva, sans-serif\">Est\u00e3o todos no top dos meus preferidos de sempre mas h\u00e1 muito mais.<\/span><\/p>\n<p><strong><span style=\"font-family: verdana, geneva, sans-serif\">EM: Quais s\u00e3o os seus planos para os pr\u00f3ximos meses? Por onde ir\u00e1 andar?<\/span><\/strong><\/p>\n<p><span style=\"font-family: verdana, geneva, sans-serif\"><strong>FLAK:<\/strong> Tocar ao vivo em 2019 e preparar novas edi\u00e7\u00f5es. Brevemente terei novidades.<\/span><\/p>\n<p><strong><span style=\"font-family: verdana, geneva, sans-serif\">Agradecimentos Especiais:<\/span><\/strong><\/p>\n<p><span style=\"font-family: verdana, geneva, sans-serif\">Obrigado Flak pela disponibilidade e longa carreira!<br \/>\n<\/span><span style=\"font-family: verdana, geneva, sans-serif\">Raquel Lains (Let&#8217;s Start a Fire)<br \/>\nFoto Destaque: Vitorino Coragem<\/span><\/p>","protected":false},"excerpt":{"rendered":"<p>Falar de FLAK (Jo\u00e3o Pires de Campos) \u00e9 falar da hist\u00f3ria da m\u00fasica Portuguesa. Para al\u00e9m de fundador dos R\u00e1dio Macau e distinto membro dos Palma&#8217;s Gang e Micro Audio Waves, tem uma longa e prof\u00edcua carreira enquanto produtor. Recentemente lan\u00e7ou &#8220;Cidade Fant\u00e1stica&#8221;, apenas o seu 2\u00ba \u00e1lbum a solo, numa longa e intensa vida<\/p>","protected":false},"author":3,"featured_media":3790,"comment_status":"open","ping_status":"open","sticky":false,"template":"","format":"standard","meta":[],"categories":[25],"tags":[52,429,340],"_links":{"self":[{"href":"https:\/\/www.ecletismomusical.pt\/en\/wp-json\/wp\/v2\/posts\/3782"}],"collection":[{"href":"https:\/\/www.ecletismomusical.pt\/en\/wp-json\/wp\/v2\/posts"}],"about":[{"href":"https:\/\/www.ecletismomusical.pt\/en\/wp-json\/wp\/v2\/types\/post"}],"author":[{"embeddable":true,"href":"https:\/\/www.ecletismomusical.pt\/en\/wp-json\/wp\/v2\/users\/3"}],"replies":[{"embeddable":true,"href":"https:\/\/www.ecletismomusical.pt\/en\/wp-json\/wp\/v2\/comments?post=3782"}],"version-history":[{"count":5,"href":"https:\/\/www.ecletismomusical.pt\/en\/wp-json\/wp\/v2\/posts\/3782\/revisions"}],"predecessor-version":[{"id":3794,"href":"https:\/\/www.ecletismomusical.pt\/en\/wp-json\/wp\/v2\/posts\/3782\/revisions\/3794"}],"wp:featuredmedia":[{"embeddable":true,"href":"https:\/\/www.ecletismomusical.pt\/en\/wp-json\/wp\/v2\/media\/3790"}],"wp:attachment":[{"href":"https:\/\/www.ecletismomusical.pt\/en\/wp-json\/wp\/v2\/media?parent=3782"}],"wp:term":[{"taxonomy":"category","embeddable":true,"href":"https:\/\/www.ecletismomusical.pt\/en\/wp-json\/wp\/v2\/categories?post=3782"},{"taxonomy":"post_tag","embeddable":true,"href":"https:\/\/www.ecletismomusical.pt\/en\/wp-json\/wp\/v2\/tags?post=3782"}],"curies":[{"name":"wp","href":"https:\/\/api.w.org\/{rel}","templated":true}]}}