{"id":3795,"date":"2018-12-03T10:45:51","date_gmt":"2018-12-03T10:45:51","guid":{"rendered":"https:\/\/www.ecletismomusical.pt\/?p=3795"},"modified":"2018-12-03T10:48:00","modified_gmt":"2018-12-03T10:48:00","slug":"new-album-maro-its-ok","status":"publish","type":"post","link":"https:\/\/www.ecletismomusical.pt\/en\/new-album-maro-its-ok\/","title":{"rendered":"[New Album] MARO &#8211; \u201cit\u2019s OK\u201d"},"content":{"rendered":"<p><img class=\"alignnone wp-image-3796\" src=\"https:\/\/www.ecletismomusical.pt\/wp-content\/uploads\/2018\/12\/image001.jpg\" alt=\"\" width=\"431\" height=\"431\" srcset=\"https:\/\/www.ecletismomusical.pt\/wp-content\/uploads\/2018\/12\/image001.jpg 600w, https:\/\/www.ecletismomusical.pt\/wp-content\/uploads\/2018\/12\/image001-150x150.jpg 150w, https:\/\/www.ecletismomusical.pt\/wp-content\/uploads\/2018\/12\/image001-300x300.jpg 300w\" \/><\/p>\n<p><em><span style=\"font-family: verdana, geneva, sans-serif\">&#8220;A quase 1 m\u00eas de se estrear no Pequeno Audit\u00f3rio do CCB com \u201cThe Jukebox Tour\u201d, <a href=\"https:\/\/www.facebook.com\/profile.php?id=559170460804071&amp;ref=br_rs\">MARO<\/a> lan\u00e7a \u201cit\u2019s OK\u201d, o seu 2\u00ba \u00e1lbum a solo que completa a lista de can\u00e7\u00f5es a vota\u00e7\u00e3o para o alinhamento do concerto.<\/span><\/em><\/p>\n<p><em><span style=\"font-family: verdana, geneva, sans-serif\">\u201cit\u2019s OK\u201d \u00e9 o quarto projeto lan\u00e7ado pela artista s\u00f3 neste ano de 2018, que se junta ao seu primeiro \u00e1lbum a solo &#8211; \u201cMARO, Vol.1\u201d, \u201cMARO, Vol. 2\u201d e \u201cMARO, Vol. 3\u201d, ao EP \u201cMistake to Be Learned\u201d, em colabora\u00e7\u00e3o com o produtor norte americano BLANDA, e ao \u00e1lbum \u201c\u201cMaro &amp; Manel\u201d, em colabora\u00e7\u00e3o com o jovem guitarrista e cantautor portugu\u00eas, Manuel Rocha.<\/span><\/em><\/p>\n<p><em><span style=\"font-family: verdana, geneva, sans-serif\">\u201cit\u2019s OK\u201d s\u00e3o 9 can\u00e7\u00f5es escritas e compostas pela artista, que se ligam entre si. Esta \u00e9 a primeira tentativa de MARO de criar um mundo que vai muito para al\u00e9m daquilo que estamos habituados a ouvir. \u00c9 um \u00e1lbum que explora constantemente a possibilidade de criar novas realidades com sons diferentes e significados profundos.<\/span><\/em><\/p>\n<p><em><span style=\"font-family: verdana, geneva, sans-serif\">Com o lan\u00e7amento das 9 can\u00e7\u00f5es de \u201cit\u2019s OK\u201d abre ent\u00e3o a vota\u00e7\u00e3o para o p\u00fablico escolher os temas que a artista interpretar\u00e1 no seu concerto \u201cThe Jukebox Tour\u201d, que se juntam \u00e0s 22 can\u00e7\u00f5es de \u201cMARO, Vol. 1, 2 &amp; 3\u201d e \u00e0s 11 can\u00e7\u00f5es de \u201cMaro &amp; Manel\u201d, num total de 42 can\u00e7\u00f5es. O p\u00fablico pode votar no alinhamento do concerto neste <a href=\"https:\/\/pt.surveymonkey.com\/r\/MG3K2Q8\">link<\/a> at\u00e9 ao dia 20 deste m\u00eas.&#8221;<\/span><\/em><\/p>","protected":false},"excerpt":{"rendered":"<p>&#8220;A quase 1 m\u00eas de se estrear no Pequeno Audit\u00f3rio do CCB com \u201cThe Jukebox Tour\u201d, MARO lan\u00e7a \u201cit\u2019s OK\u201d, o seu 2\u00ba \u00e1lbum a solo que completa a lista de can\u00e7\u00f5es a vota\u00e7\u00e3o para o alinhamento do concerto. \u201cit\u2019s OK\u201d \u00e9 o quarto projeto lan\u00e7ado pela artista s\u00f3 neste ano de 2018, que se<\/p>","protected":false},"author":3,"featured_media":3796,"comment_status":"open","ping_status":"open","sticky":false,"template":"","format":"standard","meta":[],"categories":[529],"tags":[271,85],"_links":{"self":[{"href":"https:\/\/www.ecletismomusical.pt\/en\/wp-json\/wp\/v2\/posts\/3795"}],"collection":[{"href":"https:\/\/www.ecletismomusical.pt\/en\/wp-json\/wp\/v2\/posts"}],"about":[{"href":"https:\/\/www.ecletismomusical.pt\/en\/wp-json\/wp\/v2\/types\/post"}],"author":[{"embeddable":true,"href":"https:\/\/www.ecletismomusical.pt\/en\/wp-json\/wp\/v2\/users\/3"}],"replies":[{"embeddable":true,"href":"https:\/\/www.ecletismomusical.pt\/en\/wp-json\/wp\/v2\/comments?post=3795"}],"version-history":[{"count":2,"href":"https:\/\/www.ecletismomusical.pt\/en\/wp-json\/wp\/v2\/posts\/3795\/revisions"}],"predecessor-version":[{"id":3798,"href":"https:\/\/www.ecletismomusical.pt\/en\/wp-json\/wp\/v2\/posts\/3795\/revisions\/3798"}],"wp:featuredmedia":[{"embeddable":true,"href":"https:\/\/www.ecletismomusical.pt\/en\/wp-json\/wp\/v2\/media\/3796"}],"wp:attachment":[{"href":"https:\/\/www.ecletismomusical.pt\/en\/wp-json\/wp\/v2\/media?parent=3795"}],"wp:term":[{"taxonomy":"category","embeddable":true,"href":"https:\/\/www.ecletismomusical.pt\/en\/wp-json\/wp\/v2\/categories?post=3795"},{"taxonomy":"post_tag","embeddable":true,"href":"https:\/\/www.ecletismomusical.pt\/en\/wp-json\/wp\/v2\/tags?post=3795"}],"curies":[{"name":"wp","href":"https:\/\/api.w.org\/{rel}","templated":true}]}}