{"id":381,"date":"2011-05-15T14:37:00","date_gmt":"2011-05-15T14:37:00","guid":{"rendered":"https:\/\/ecletismomusical.pt\/entrevista-frankie-chavez\/"},"modified":"2018-06-10T00:23:24","modified_gmt":"2018-06-10T00:23:24","slug":"entrevista-frankie-chavez","status":"publish","type":"post","link":"https:\/\/www.ecletismomusical.pt\/en\/entrevista-frankie-chavez\/","title":{"rendered":"[ENTREVISTA] Frankie Chavez (2011)"},"content":{"rendered":"<div style=\"clear: both;text-align: center\"><a style=\"clear: left;float: left;margin-bottom: 1em;margin-right: 1em\" href=\"http:\/\/1.bp.blogspot.com\/-JN2-lwIY650\/TaSE5pr8SPI\/AAAAAAAAA_E\/KFf_OevPEJw\/s1600\/F+CHAVEZhpola77231_rita+carmo.jpg\"><img src=\"http:\/\/1.bp.blogspot.com\/-JN2-lwIY650\/TaSE5pr8SPI\/AAAAAAAAA_E\/KFf_OevPEJw\/s320\/F+CHAVEZhpola77231_rita+carmo.jpg\" width=\"212\" height=\"320\" \/><\/a><\/div>\n<div style=\"font-family: Arial,Helvetica,sans-serif;text-align: justify\">A convite do incans\u00e1vel <b>Henrique Amaro<\/b>, <b><a href=\"http:\/\/www.myspace.com\/frankiechavez\">Frankie Chavez<\/a> <\/b>reuniu em 2010 um conjunto de temas e lan\u00e7ou um EP atrav\u00e9s da iniciativa <b>Optimus Discos<\/b> (<a href=\"http:\/\/www.optimusdiscos.com\/discos\/frankie-chavez\">download aqui<\/a>). A partir desse momento foram-se sucedendo as cr\u00edticas positivas e as refer\u00eancias elogiosas ao seu trabalho. Sempre em formato <b>\u00abOne Man Band\u00bb<\/b>, <b>Frankie vagueia entre o Blues e o Folk<\/b> de inspira\u00e7\u00e3o americana, ainda que com influ\u00eancias de outras latitudes e ambientes.<\/div>\n<div style=\"font-family: Arial,Helvetica,sans-serif;text-align: justify\"><\/div>\n<div style=\"text-align: justify\"><span style=\"font-family: Arial,Helvetica,sans-serif\">Sendo neste momento um dos nomes mais promissores da m\u00fasica feita em Portugal e uma das revela\u00e7\u00f5es do blues de origem europeia, <a href=\"http:\/\/www.myspace.com\/frankiechavez\"><b>Frankie Chavez<\/b><\/a>, i.e., Joaquim Chaves, lan\u00e7ou recentemente o seu primeiro \u00e1lbum <b>\u00abFamily Tree\u00bb<\/b> e o <b>Eclectismo Musical<\/b> esteve \u00e0 conversa com o m\u00fasico para ficarmos a conhecer melhor o universo deste novo nome a ter em conta na m\u00fasica feita em Portugal.<\/span><\/div>\n<div style=\"text-align: justify\"><\/div>\n<div style=\"text-align: justify\"><\/div>\n<div style=\"text-align: justify\"><b>\u00a0<\/b><\/div>\n<div style=\"font-family: Arial,Helvetica,sans-serif;text-align: justify\"><b>EM: N\u00e3o \u00e9 s\u00f3 coincid\u00eancia que o teu nome art\u00edstico, para al\u00e9m da tradu\u00e7\u00e3o do teu nome, remeta automaticamente para uma linha Jack Johnson ou Jason Mraz, pois n\u00e3o? Ainda \u00e9s um surfist \u00abcool\u00bb, apesar da sonoridade mais crua, mais blues?<\/b><\/div>\n<div style=\"font-family: Arial,Helvetica,sans-serif;text-align: justify\"><\/div>\n<div style=\"text-align: justify\">\n<div style=\"font-family: Arial,Helvetica,sans-serif\"><b>FC:\u00a0 <\/b>Coincid\u00eancia ou n\u00e3o isto come\u00e7ou de uma brincadeira. Na altura em que estava a pensar come\u00e7ar a gravar os primeiros temas com um produtor meu amigo, come\u00e7\u00e1mos a pensar num nome que fosse apelativo e que fizesse sentido exportar. Pens\u00e1mos &#8220;se isto fosse nos states ou na Australia como \u00e9 que se chamaria?&#8221; Traduzindo o meu nome \u00e0 letra ficou Frankie Chavez.<\/div>\n<div style=\"font-family: Arial,Helvetica,sans-serif\">Ach\u00e1mos que ca\u00eda bem no estilo de som que eu fazia e quando dei por mim j\u00e1 tinha facebook e myspace. O que \u00e9 certo \u00e9 que soa bem, pelo menos a mim.<\/div>\n<div style=\"font-family: Arial,Helvetica,sans-serif\"><\/div>\n<p><span style=\"font-family: Arial,Helvetica,sans-serif\">Quanto ao surf: j\u00e1 fiz mais surf do que agora\u2026. Agora n\u00e3o tenho tido muito tempo. Mas sempre que posso gosto de ir.<\/span><\/p>\n<\/div>\n<p><iframe src=\"http:\/\/www.youtube.com\/embed\/Q63tSB5R40s\" width=\"480\" height=\"390\" frameborder=\"0\" allowfullscreen=\"allowfullscreen\"><\/iframe><\/p>\n<div style=\"text-align: justify\">\n<p><b>\u00a0<\/b><\/p>\n<div style=\"font-family: Arial,Helvetica,sans-serif\"><b>EM: A tocar guitarra desde os 9 anos, os Blues sempre foram a maior paix\u00e3o? Como descobriste a tua veia de \u00abcantautor\u00bb?<\/b><\/div>\n<p><b style=\"font-family: Arial,Helvetica,sans-serif\"><br \/>\nFC: <\/b><span style=\"font-family: Arial,Helvetica,sans-serif\">Comecei a tocar desde muito cedo sem nunca pensar na parte da voz. O meu gosto era mesmo a guitarra e tentava sempre fazer o que os meus guitarristas de refer\u00eancia como o Hendrix, Gary Moore, Jimi Page faziam. Nunca pensei vir a cantar musicas minhas. S\u00f3 quando pensei que queria encontrar a minha pr\u00f3pria sonoridade \u00e9 que isso aconteceu. Comecei a tocar em bares. Tocava e cantava vers\u00f5es das minhas influ\u00eancias. Na altura era Reggae, essencialmente. Depois comecei a escrever os meus pr\u00f3prios temas e comecei a gostar de alguns. Foi quando pensei que algumas coisas soavam bem e que podiam vir a ser can\u00e7\u00f5es.<\/span><b><\/b><br \/>\n<b><br \/>\n<\/b><br \/>\n<b style=\"font-family: Arial,Helvetica,sans-serif\">EM: Em \u00abFamily Tree\u00bb entre procura, partidas e chegadas, fica claro que a Fam\u00edlia \u00e9 o teu maior pilar?<\/b><\/p>\n<p>FC: <span style=\"font-family: Arial,Helvetica,sans-serif\">Famiy Tree nasceu das circunst\u00e2ncias. Tive 2 anos carregados de experi\u00eancias pessoais fortes. Fui pai, mudei de casa 2 vezes, casei, lancei o meu primeiro EP\u2026 foram coisas que me marcaram como pessoa e que convergiram no mesmo sentido que foi o de come\u00e7ar uma fam\u00edlia e de apostar num caminho que queria seguir. Foi uma \u00e9poca de balan\u00e7o e de pensar na vida. De onde vim e para onde quero ir. Quando estava a preparar o disco escrevi o tema &#8220;Family Tree&#8221; e achei que essas duas palavras resumiam todo o \u00e1lbum.<\/span><\/p>\n<\/div>\n<p><iframe src=\"http:\/\/www.youtube.com\/embed\/7XCNaqBTnQ0\" width=\"480\" height=\"390\" frameborder=\"0\" allowfullscreen=\"allowfullscreen\"><\/iframe><\/p>\n<div style=\"text-align: justify\"><\/div>\n<div style=\"text-align: justify\"><\/div>\n<div style=\"text-align: justify\"><\/div>\n<div style=\"text-align: justify\">\n<div style=\"font-family: Arial,Helvetica,sans-serif\"><span style=\"font-size: small\">\u00a0<\/span><\/div>\n<div style=\"font-family: Arial,Helvetica,sans-serif\"><span style=\"font-size: small\"><span style=\"border-collapse: separate;color: black;font-style: normal;font-variant: normal;font-weight: normal;letter-spacing: normal;line-height: normal;text-indent: 0px;text-transform: none\"><span style=\"border-collapse: collapse\"><b>EM: Antes do EP da Optimus Discos, o projecto no formato \u00abOne Man Band\u00bb j\u00e1 era o que perspectivavas para a tua carreira enquanto m\u00fasico, ou ponderavas repetir projectos com os Toranja?<\/b><br \/>\n<b>FC:<\/b> N\u00e3o. O formato de One Man Band surgiu porque j\u00e1 tinha temas que funcionavam bem nesse formato e achei desafiante e honesto apresent\u00e1-los ao vivo assim. Com os Toranja foi uma estadia curta. Gostei bastante pois foi a primeira vez que fui para estudio mas n\u00e3o pensei em repetir projectos com Toranja.<\/span><\/span><\/span><\/div>\n<div style=\"font-family: Arial,Helvetica,sans-serif\"><\/div>\n<div style=\"font-family: Arial,Helvetica,sans-serif\"><span style=\"font-size: small\"><span style=\"border-collapse: separate;color: black;font-style: normal;font-variant: normal;font-weight: normal;letter-spacing: normal;line-height: normal;text-indent: 0px;text-transform: none\"><span style=\"border-collapse: collapse\"><br \/>\n<b>EM: Qual consideras ser o \u00abestado d&#8217;arte\u00bb da m\u00fasica feita em Portugal?<\/b><br \/>\n<b>FC:<\/b> H\u00e1 muita coisa boa a aparecer neste momento:<br \/>\n&#8211; <b>Julie and the Carjackers<\/b>: \u00e9 uma banda com excelentes musicos e com uma sonoridade muito original para Portugal;<br \/>\n&#8211; <b>Norberto Lobo:<\/b> \u00e9 um excelente guitarrista;<br \/>\n&#8211; <b>Emmy Curl:<\/b> tem uma vis\u00e3o musical da qual eu gosto muito e uma voz incr\u00edvel;<br \/>\n&#8211; <b>DJ Ride:<\/b> \u00e9 dos melhores Djs que tenho visto;<br \/>\n&#8211; <b>Cais do Sodr\u00e9 Funk Connection<\/b>: tocam possivelmente o melhor funk em Portugal;<br \/>\n&#8211; <b>You Can&#8217;t Win Charlie Brown<\/b>: a banda com melhores arranjos, a par e passo com Julie and the Carjackers<br \/>\n&#8211; <b>Stereo Addiction<\/b>: dos melhores (sen\u00e3o o melhor) progressive nacional<\/span><\/span><\/span><\/div>\n<div style=\"font-family: Arial,Helvetica,sans-serif\"><\/div>\n<div style=\"font-family: Arial,Helvetica,sans-serif\"><\/div>\n<div style=\"font-family: Arial,Helvetica,sans-serif\"><\/div>\n<div style=\"clear: both;text-align: center\"><a style=\"clear: left;float: left;margin-bottom: 1em;margin-right: 1em\" href=\"http:\/\/www.purofeeling.com\/wp-content\/uploads\/2009\/11\/frankieslidecantina.jpg\"><img src=\"http:\/\/www.purofeeling.com\/wp-content\/uploads\/2009\/11\/frankieslidecantina.jpg\" width=\"400\" height=\"306\" \/><\/a><\/div>\n<p>&nbsp;<\/p>\n<\/div>\n<div style=\"text-align: justify\">\n<p>&nbsp;<\/p>\n<p>EM: Que rela\u00e7\u00e3o tens com as novas tecnologias? Quais os canais que costumas utilizar de uma forma mais activa para comunicares com os teus f\u00e3s?<\/p>\n<p><span style=\"font-family: Arial,Helvetica,sans-serif\"><b>FC:<\/b> Utilizo o <a href=\"http:\/\/www.facebook.com\/profile.php?id=1758019451\">Facebook<\/a> and <a href=\"http:\/\/www.reverbnation.com\/frankiechavez\">Reverbnation<\/a>. Costumava utilizar o Myspace mas desde que mudaram o grafismo n\u00e3o me consigo entender com aquilo\u2026.<\/span><\/p>\n<\/div>\n<div style=\"text-align: justify\"><\/div>\n<div style=\"text-align: justify\"><span style=\"font-family: Arial,Helvetica,sans-serif\"><b>EM: Qual \u00e9 a ordem do teu processo criativo? Tens um m\u00e9todo ou varia consoante o momento?<\/b><br \/>\n<b>FC:<\/b> Varia entre dois m\u00e9todos, penso eu. Ou escrevo primeiro a letra e depois fa\u00e7o a musica ou componho primeiro a musica e depois sai a letra.<\/span><\/div>\n<p><iframe src=\"http:\/\/www.youtube.com\/embed\/rwZlbBQFL-o\" width=\"480\" height=\"390\" frameborder=\"0\" allowfullscreen=\"allowfullscreen\"><\/iframe><\/p>\n<div style=\"text-align: justify\"><span style=\"font-size: small\"><span style=\"border-collapse: separate;color: black;font-family: 'Times New Roman';font-style: normal;font-variant: normal;font-weight: normal;letter-spacing: normal;line-height: normal;text-indent: 0px;text-transform: none\"><span style=\"border-collapse: collapse;font-family: arial,sans-serif\"><b>EM:O que consta do percurso profissional\/acad\u00e9mico do Joaquim Chaves para al\u00e9m dos \u00abalter-egos\u00bb musicais?<\/b><\/span><\/span><br \/>\n<span style=\"border-collapse: separate;color: black;font-family: 'Times New Roman';font-style: normal;font-variant: normal;font-weight: normal;letter-spacing: normal;line-height: normal;text-indent: 0px;text-transform: none\"><span style=\"border-collapse: collapse;font-family: arial,sans-serif\"><b>FC:<\/b> Licenciei-me em gest\u00e3o de empresas e trabalho em marketing.<\/span><\/span><\/span><\/div>\n<div style=\"text-align: justify\"><\/div>\n<div style=\"text-align: justify\"><span style=\"font-size: small\"><span style=\"border-collapse: separate;color: black;font-family: 'Times New Roman';font-style: normal;font-variant: normal;font-weight: normal;letter-spacing: normal;line-height: normal;text-indent: 0px;text-transform: none\"><span style=\"border-collapse: collapse;font-family: arial,sans-serif\"><b>EM :Que nomes colocavas no teu &#8220;Festival Ideal&#8221;? (Vivos ou n\u00e3o)<\/b><br \/>\n<b>FC:<\/b> Robert Johnson; Jimi Hendrix; Ali Farka Tour\u00e9; The Black Keys; The Racounteurs; The Cat Empire; Beck; Tomatito (para come\u00e7o de noite a comer umas tapas); Sublime; Ramones<\/span><\/span><\/span><span style=\"font-size: small\"><span style=\"border-collapse: separate;color: black;font-family: 'Times New Roman';font-style: normal;font-variant: normal;font-weight: normal;letter-spacing: normal;line-height: normal;text-indent: 0px;text-transform: none\"><span style=\"border-collapse: collapse;font-family: arial,sans-serif\">.\u00a0<\/span><\/span><\/span><\/div>\n<div style=\"text-align: justify\"><\/div>\n<div style=\"clear: both;text-align: center\"><a style=\"clear: left;float: left;margin-bottom: 1em;margin-right: 1em\" href=\"http:\/\/www.tvi24.iol.pt\/multimedia\/oratvi\/multimedia\/imagem\/id\/13294694\/400\"><img src=\"http:\/\/www.tvi24.iol.pt\/multimedia\/oratvi\/multimedia\/imagem\/id\/13294694\/400\" width=\"400\" height=\"328\" \/><\/a><\/div>\n<div style=\"text-align: justify\"><\/div>\n<div style=\"text-align: justify\"><\/div>\n<div style=\"text-align: justify\"><\/div>\n<div style=\"text-align: justify\"><\/div>\n<div style=\"text-align: justify\"><\/div>\n<div style=\"text-align: justify\"><\/div>\n<div style=\"text-align: justify\"><\/div>\n<div style=\"text-align: justify\"><\/div>\n<div style=\"text-align: justify\"><\/div>\n<div style=\"text-align: justify\"><\/div>\n<div style=\"text-align: justify\"><\/div>\n<div style=\"text-align: justify\"><\/div>\n<div style=\"text-align: justify\"><\/div>\n<div style=\"text-align: justify\"><\/div>\n<div style=\"text-align: justify\"><\/div>\n<div style=\"text-align: justify\"><\/div>\n<div style=\"text-align: justify\"><\/div>\n<div style=\"text-align: justify\"><\/div>\n<div style=\"text-align: justify\"><\/div>\n<div style=\"text-align: justify\">\n<p>&nbsp;<\/p>\n<p>EM: Quando olhas para ti consegues dizer: &#8220;este vai ser o meu plano de carreira&#8221;, ou entendes a cria\u00e7\u00e3o sobretudo como frui\u00e7\u00e3o?<br \/>\nFC: este \u00e9 o meu plano de carreira.<\/p>\n<\/div>\n<div style=\"text-align: justify\"><span style=\"border-collapse: separate;color: black;font-family: 'Times New Roman';font-size: small;font-style: normal;font-variant: normal;font-weight: normal;letter-spacing: normal;line-height: normal;text-indent: 0px;text-transform: none\"><span style=\"border-collapse: collapse;font-family: arial,sans-serif;font-size: 13px\"><br \/>\n<span style=\"font-size: small\"><b>EM: Por onde vais andar nos pr\u00f3ximos tempos? Onde \u00e9 que as pessoas te podem\u00a0ver?<\/b><br \/>\n<b>FC:<\/b><br \/>\nQueima das fitas Lisboa: 13 Maio<br \/>\nQueima das fitas Algarve: 14 Maio<br \/>\nEstoril Surf Music Billabong Girls: 9 Junho<br \/>\nEco Festival &#8220;Salva a Terra&#8221; (Salvaterra de Magos): 11 Junho<br \/>\nOutJazz: 24 Junho (Jardim do Principe Real)<br \/>\nArrifana Sunset Fest: 31 Julho (Arrifana)<\/span><\/span><\/span><span style=\"font-size: small\"><span style=\"border-collapse: separate;color: black;font-family: 'Times New Roman';font-style: normal;font-variant: normal;font-weight: normal;letter-spacing: normal;line-height: normal;text-indent: 0px;text-transform: none\"><span style=\"border-collapse: collapse;font-family: arial,sans-serif\">\u00a0<\/span><\/span><\/span><\/div>\n<p>&nbsp;<\/p>\n<div style=\"text-align: justify\"><\/div>\n<div style=\"text-align: justify\"><\/div>","protected":false},"excerpt":{"rendered":"<p>A convite do incans\u00e1vel Henrique Amaro, Frankie Chavez reuniu em 2010 um conjunto de temas e lan\u00e7ou um EP atrav\u00e9s da iniciativa Optimus Discos (download aqui). A partir desse momento foram-se sucedendo as cr\u00edticas positivas e as refer\u00eancias elogiosas ao seu trabalho. Sempre em formato \u00abOne Man Band\u00bb, Frankie vagueia entre o Blues e o<\/p>","protected":false},"author":1,"featured_media":1787,"comment_status":"open","ping_status":"open","sticky":false,"template":"","format":"standard","meta":[],"categories":[25],"tags":[52],"_links":{"self":[{"href":"https:\/\/www.ecletismomusical.pt\/en\/wp-json\/wp\/v2\/posts\/381"}],"collection":[{"href":"https:\/\/www.ecletismomusical.pt\/en\/wp-json\/wp\/v2\/posts"}],"about":[{"href":"https:\/\/www.ecletismomusical.pt\/en\/wp-json\/wp\/v2\/types\/post"}],"author":[{"embeddable":true,"href":"https:\/\/www.ecletismomusical.pt\/en\/wp-json\/wp\/v2\/users\/1"}],"replies":[{"embeddable":true,"href":"https:\/\/www.ecletismomusical.pt\/en\/wp-json\/wp\/v2\/comments?post=381"}],"version-history":[{"count":2,"href":"https:\/\/www.ecletismomusical.pt\/en\/wp-json\/wp\/v2\/posts\/381\/revisions"}],"predecessor-version":[{"id":1910,"href":"https:\/\/www.ecletismomusical.pt\/en\/wp-json\/wp\/v2\/posts\/381\/revisions\/1910"}],"wp:featuredmedia":[{"embeddable":true,"href":"https:\/\/www.ecletismomusical.pt\/en\/wp-json\/wp\/v2\/media\/1787"}],"wp:attachment":[{"href":"https:\/\/www.ecletismomusical.pt\/en\/wp-json\/wp\/v2\/media?parent=381"}],"wp:term":[{"taxonomy":"category","embeddable":true,"href":"https:\/\/www.ecletismomusical.pt\/en\/wp-json\/wp\/v2\/categories?post=381"},{"taxonomy":"post_tag","embeddable":true,"href":"https:\/\/www.ecletismomusical.pt\/en\/wp-json\/wp\/v2\/tags?post=381"}],"curies":[{"name":"wp","href":"https:\/\/api.w.org\/{rel}","templated":true}]}}