{"id":3814,"date":"2018-12-05T15:55:49","date_gmt":"2018-12-05T15:55:49","guid":{"rendered":"https:\/\/www.ecletismomusical.pt\/?p=3814"},"modified":"2018-12-05T15:56:55","modified_gmt":"2018-12-05T15:56:55","slug":"25o-super-bock-super-rock-regresso-ao-meco","status":"publish","type":"post","link":"https:\/\/www.ecletismomusical.pt\/en\/25o-super-bock-super-rock-regresso-ao-meco\/","title":{"rendered":"[25\u00ba Super Bock Super Rock] Regresso ao Meco!"},"content":{"rendered":"<p><img class=\"alignnone size-full wp-image-3815\" src=\"https:\/\/www.ecletismomusical.pt\/wp-content\/uploads\/2018\/12\/unnamed-1.jpg\" alt=\"\" width=\"600\" height=\"270\" srcset=\"https:\/\/www.ecletismomusical.pt\/wp-content\/uploads\/2018\/12\/unnamed-1.jpg 600w, https:\/\/www.ecletismomusical.pt\/wp-content\/uploads\/2018\/12\/unnamed-1-300x135.jpg 300w\" \/><\/p>\n<div>\n<p><span style=\"font-family: verdana, geneva, sans-serif\">&#8220;No ano em que se assinala a 25\u00aa edi\u00e7\u00e3o do Super Bock Super Rock, o precursor dos grandes festivais em Portugal e um marco no panorama musical, \u00fanico com 25 edi\u00e7\u00f5es consecutivas, continua em 2019 a afirmar-se no formato de grande Festival de ver\u00e3o.<\/span><\/p>\n<p><span style=\"font-family: verdana, geneva, sans-serif\">A 18, 19 e 20 de julho, o Super Bock Super Rock <strong>regressa ao cen\u00e1rio id\u00edlico junto \u00e0 praia do Meco<\/strong>, o novo, mas j\u00e1 familiar ponto de encontro para milhares de amantes de M\u00fasica.<\/span><\/p>\n<p><span style=\"font-family: verdana, geneva, sans-serif\">Primeiros nomes do cartaz a anunciar nos pr\u00f3ximos dias.<\/span><\/p>\n<\/div>\n<div><span style=\"font-family: verdana, geneva, sans-serif\">O primeiro lote de bilhetes est\u00e1 hoje \u00e0 venda na Blueticket e locais habituais, com o passe de 3 dias ao pre\u00e7o do 105\u20ac e o bilhete di\u00e1rio a 55\u20ac.&#8221;<\/span><\/div>","protected":false},"excerpt":{"rendered":"<p>&#8220;No ano em que se assinala a 25\u00aa edi\u00e7\u00e3o do Super Bock Super Rock, o precursor dos grandes festivais em Portugal e um marco no panorama musical, \u00fanico com 25 edi\u00e7\u00f5es consecutivas, continua em 2019 a afirmar-se no formato de grande Festival de ver\u00e3o. A 18, 19 e 20 de julho, o Super Bock Super<\/p>","protected":false},"author":3,"featured_media":3815,"comment_status":"open","ping_status":"open","sticky":false,"template":"","format":"video","meta":[],"categories":[24],"tags":[54,189],"_links":{"self":[{"href":"https:\/\/www.ecletismomusical.pt\/en\/wp-json\/wp\/v2\/posts\/3814"}],"collection":[{"href":"https:\/\/www.ecletismomusical.pt\/en\/wp-json\/wp\/v2\/posts"}],"about":[{"href":"https:\/\/www.ecletismomusical.pt\/en\/wp-json\/wp\/v2\/types\/post"}],"author":[{"embeddable":true,"href":"https:\/\/www.ecletismomusical.pt\/en\/wp-json\/wp\/v2\/users\/3"}],"replies":[{"embeddable":true,"href":"https:\/\/www.ecletismomusical.pt\/en\/wp-json\/wp\/v2\/comments?post=3814"}],"version-history":[{"count":3,"href":"https:\/\/www.ecletismomusical.pt\/en\/wp-json\/wp\/v2\/posts\/3814\/revisions"}],"predecessor-version":[{"id":3818,"href":"https:\/\/www.ecletismomusical.pt\/en\/wp-json\/wp\/v2\/posts\/3814\/revisions\/3818"}],"wp:featuredmedia":[{"embeddable":true,"href":"https:\/\/www.ecletismomusical.pt\/en\/wp-json\/wp\/v2\/media\/3815"}],"wp:attachment":[{"href":"https:\/\/www.ecletismomusical.pt\/en\/wp-json\/wp\/v2\/media?parent=3814"}],"wp:term":[{"taxonomy":"category","embeddable":true,"href":"https:\/\/www.ecletismomusical.pt\/en\/wp-json\/wp\/v2\/categories?post=3814"},{"taxonomy":"post_tag","embeddable":true,"href":"https:\/\/www.ecletismomusical.pt\/en\/wp-json\/wp\/v2\/tags?post=3814"}],"curies":[{"name":"wp","href":"https:\/\/api.w.org\/{rel}","templated":true}]}}