{"id":382,"date":"2011-05-11T14:54:00","date_gmt":"2011-05-11T14:54:00","guid":{"rendered":"https:\/\/ecletismomusical.pt\/30-anos-depois-bob-marley-6-de-fevereiro-de-1945-11-de-maio-de-1981\/"},"modified":"2011-05-11T14:54:00","modified_gmt":"2011-05-11T14:54:00","slug":"30-anos-depois-bob-marley-6-de-fevereiro-de-1945-11-de-maio-de-1981","status":"publish","type":"post","link":"https:\/\/www.ecletismomusical.pt\/en\/30-anos-depois-bob-marley-6-de-fevereiro-de-1945-11-de-maio-de-1981\/","title":{"rendered":"[30 anos depois] Bob Marley ( 6 de fevereiro de 1945 \u2014 11 de maio de 1981)"},"content":{"rendered":"<div style=\"clear: both;text-align: center\"><a href=\"http:\/\/4.bp.blogspot.com\/-210DTO2P6OM\/TcqRx50lXFI\/AAAAAAAAAK8\/Bn-L_ZPIDw8\/s1600\/bob+marley+01.jpeg\" style=\"clear: left;float: left;margin-bottom: 1em;margin-right: 1em\"><img height=\"240\" src=\"http:\/\/4.bp.blogspot.com\/-210DTO2P6OM\/TcqRx50lXFI\/AAAAAAAAAK8\/Bn-L_ZPIDw8\/s320\/bob+marley+01.jpeg\" width=\"320\" \/><\/a><\/div>\n<div style=\"font-family: Arial,Helvetica,sans-serif;text-align: justify\">No dia <b>11 de Maio de 1981<\/b> falecia o maior nome de sempre do Reggae. E, trinta anos depois, o legado de <b>Bob Marley<\/b> permanece intoc\u00e1vel, e todos os dias novos f\u00e3s s\u00e3o tocados pelo poder da palavra e do ritmo contagiante do jamaicano. Uma legenda que ser\u00e1 sempre recordada e louvada!<\/div>\n<p><iframe allowfullscreen=\"\" frameborder=\"0\" height=\"390\" src=\"http:\/\/www.youtube.com\/embed\/jGqrvn3q1oo\" width=\"480\"><\/iframe><\/p>\n<p><\/p>","protected":false},"excerpt":{"rendered":"<p>No dia 11 de Maio de 1981 falecia o maior nome de sempre do Reggae. E, trinta anos depois, o legado de Bob Marley permanece intoc\u00e1vel, e todos os dias novos f\u00e3s s\u00e3o tocados pelo poder da palavra e do ritmo contagiante do jamaicano. Uma legenda que ser\u00e1 sempre recordada e louvada!<\/p>","protected":false},"author":1,"featured_media":0,"comment_status":"open","ping_status":"open","sticky":false,"template":"","format":"standard","meta":[],"categories":[1],"tags":[],"_links":{"self":[{"href":"https:\/\/www.ecletismomusical.pt\/en\/wp-json\/wp\/v2\/posts\/382"}],"collection":[{"href":"https:\/\/www.ecletismomusical.pt\/en\/wp-json\/wp\/v2\/posts"}],"about":[{"href":"https:\/\/www.ecletismomusical.pt\/en\/wp-json\/wp\/v2\/types\/post"}],"author":[{"embeddable":true,"href":"https:\/\/www.ecletismomusical.pt\/en\/wp-json\/wp\/v2\/users\/1"}],"replies":[{"embeddable":true,"href":"https:\/\/www.ecletismomusical.pt\/en\/wp-json\/wp\/v2\/comments?post=382"}],"version-history":[{"count":0,"href":"https:\/\/www.ecletismomusical.pt\/en\/wp-json\/wp\/v2\/posts\/382\/revisions"}],"wp:attachment":[{"href":"https:\/\/www.ecletismomusical.pt\/en\/wp-json\/wp\/v2\/media?parent=382"}],"wp:term":[{"taxonomy":"category","embeddable":true,"href":"https:\/\/www.ecletismomusical.pt\/en\/wp-json\/wp\/v2\/categories?post=382"},{"taxonomy":"post_tag","embeddable":true,"href":"https:\/\/www.ecletismomusical.pt\/en\/wp-json\/wp\/v2\/tags?post=382"}],"curies":[{"name":"wp","href":"https:\/\/api.w.org\/{rel}","templated":true}]}}