{"id":3869,"date":"2018-12-12T11:11:35","date_gmt":"2018-12-12T11:11:35","guid":{"rendered":"https:\/\/www.ecletismomusical.pt\/?p=3869"},"modified":"2018-12-12T11:28:35","modified_gmt":"2018-12-12T11:28:35","slug":"comeback-ornatos-violeta","status":"publish","type":"post","link":"https:\/\/www.ecletismomusical.pt\/en\/comeback-ornatos-violeta\/","title":{"rendered":"[Comeback] Ornatos Violeta"},"content":{"rendered":"<img width=\"900\" height=\"600\" src=\"https:\/\/www.ecletismomusical.pt\/wp-content\/uploads\/2018\/12\/47686578_10156126447884492_8494817653557297152_n.jpg\" alt=\"\" class=\"wp-image-3870\" srcset=\"https:\/\/www.ecletismomusical.pt\/wp-content\/uploads\/2018\/12\/47686578_10156126447884492_8494817653557297152_n.jpg 900w, https:\/\/www.ecletismomusical.pt\/wp-content\/uploads\/2018\/12\/47686578_10156126447884492_8494817653557297152_n-300x200.jpg 300w, https:\/\/www.ecletismomusical.pt\/wp-content\/uploads\/2018\/12\/47686578_10156126447884492_8494817653557297152_n-768x512.jpg 768w\" \/>\n\n\n\n<p>&#8220;Para comemorarem o 20\u00ba anivers\u00e1rio da edi\u00e7\u00e3o de \u201cO Monstro Precisa de Amigos\u201d em 2019, os Ornatos Violeta decidiram brindar o p\u00fablico, de norte a sul do pa\u00eds, com um curto regresso aos concertos, para a interpreta\u00e7\u00e3o integral da sua obra seminal, em tr\u00eas grandes festivais: o primeiro, em Lisboa, no NOS Alive, a 11 de Julho; o segundo, em Gaia, no MEO Mar\u00e9s Vivas, a 20 de Julho; o terceiro e \u00faltimo, em Faro, no Festival F, a 6 de Setembro. Os bilhetes para os dois primeiros festivais j\u00e1 se encontram \u00e0 venda nos locais habituais. Para o Festival F estar\u00e3o dispon\u00edveis brevemente, em data a anunciar.&#8221;<br><\/p>","protected":false},"excerpt":{"rendered":"<p>&#8220;Para comemorarem o 20\u00ba anivers\u00e1rio da edi\u00e7\u00e3o de \u201cO Monstro Precisa de Amigos\u201d em 2019, os Ornatos Violeta decidiram brindar o p\u00fablico, de norte a sul do pa\u00eds, com um curto regresso aos concertos, para a interpreta\u00e7\u00e3o integral da sua obra seminal, em tr\u00eas grandes festivais: o primeiro, em Lisboa, no NOS Alive, a 11<\/p>","protected":false},"author":3,"featured_media":3871,"comment_status":"open","ping_status":"open","sticky":false,"template":"","format":"standard","meta":[],"categories":[118],"tags":[622,91],"_links":{"self":[{"href":"https:\/\/www.ecletismomusical.pt\/en\/wp-json\/wp\/v2\/posts\/3869"}],"collection":[{"href":"https:\/\/www.ecletismomusical.pt\/en\/wp-json\/wp\/v2\/posts"}],"about":[{"href":"https:\/\/www.ecletismomusical.pt\/en\/wp-json\/wp\/v2\/types\/post"}],"author":[{"embeddable":true,"href":"https:\/\/www.ecletismomusical.pt\/en\/wp-json\/wp\/v2\/users\/3"}],"replies":[{"embeddable":true,"href":"https:\/\/www.ecletismomusical.pt\/en\/wp-json\/wp\/v2\/comments?post=3869"}],"version-history":[{"count":2,"href":"https:\/\/www.ecletismomusical.pt\/en\/wp-json\/wp\/v2\/posts\/3869\/revisions"}],"predecessor-version":[{"id":3873,"href":"https:\/\/www.ecletismomusical.pt\/en\/wp-json\/wp\/v2\/posts\/3869\/revisions\/3873"}],"wp:featuredmedia":[{"embeddable":true,"href":"https:\/\/www.ecletismomusical.pt\/en\/wp-json\/wp\/v2\/media\/3871"}],"wp:attachment":[{"href":"https:\/\/www.ecletismomusical.pt\/en\/wp-json\/wp\/v2\/media?parent=3869"}],"wp:term":[{"taxonomy":"category","embeddable":true,"href":"https:\/\/www.ecletismomusical.pt\/en\/wp-json\/wp\/v2\/categories?post=3869"},{"taxonomy":"post_tag","embeddable":true,"href":"https:\/\/www.ecletismomusical.pt\/en\/wp-json\/wp\/v2\/tags?post=3869"}],"curies":[{"name":"wp","href":"https:\/\/api.w.org\/{rel}","templated":true}]}}