{"id":3881,"date":"2018-12-13T17:06:33","date_gmt":"2018-12-13T17:06:33","guid":{"rendered":"https:\/\/www.ecletismomusical.pt\/?p=3881"},"modified":"2018-12-13T17:07:13","modified_gmt":"2018-12-13T17:07:13","slug":"worth-listening-to-sequin-queen-ao-vivo-na-antena-3","status":"publish","type":"post","link":"https:\/\/www.ecletismomusical.pt\/en\/worth-listening-to-sequin-queen-ao-vivo-na-antena-3\/","title":{"rendered":"[Worth Listening To] Sequin &#8211; Queen |Ao vivo na Antena 3"},"content":{"rendered":"<div class=\"wp-block-embed__wrapper\">\n<iframe width=\"900\" height=\"506\" src=\"https:\/\/www.youtube.com\/embed\/ruleD9eKuJA?feature=oembed\" frameborder=\"0\" allowfullscreen><\/iframe>\n<\/div>\n\n\n<p><em>&#8220;Sequin &#8211; projeto de Ana Mir\u00f3 &#8211; regressou \u00e0s edi\u00e7\u00f5es em 2018. &#8220;Born Backwards&#8221;\u00a0\u00e9 o nome e foi produzido por Xinobi. Deste terceiro registo discogr\u00e1fico faz parte &#8220;Queen&#8221;.&#8221;<\/em><\/p>","protected":false},"excerpt":{"rendered":"<p>&#8220;Sequin &#8211; projeto de Ana Mir\u00f3 &#8211; regressou \u00e0s edi\u00e7\u00f5es em 2018. &#8220;Born Backwards&#8221;\u00a0\u00e9 o nome e foi produzido por Xinobi. Deste terceiro registo discogr\u00e1fico faz parte &#8220;Queen&#8221;.&#8221;<\/p>","protected":false},"author":3,"featured_media":3882,"comment_status":"open","ping_status":"open","sticky":false,"template":"","format":"standard","meta":[],"categories":[175,483],"tags":[552,625],"_links":{"self":[{"href":"https:\/\/www.ecletismomusical.pt\/en\/wp-json\/wp\/v2\/posts\/3881"}],"collection":[{"href":"https:\/\/www.ecletismomusical.pt\/en\/wp-json\/wp\/v2\/posts"}],"about":[{"href":"https:\/\/www.ecletismomusical.pt\/en\/wp-json\/wp\/v2\/types\/post"}],"author":[{"embeddable":true,"href":"https:\/\/www.ecletismomusical.pt\/en\/wp-json\/wp\/v2\/users\/3"}],"replies":[{"embeddable":true,"href":"https:\/\/www.ecletismomusical.pt\/en\/wp-json\/wp\/v2\/comments?post=3881"}],"version-history":[{"count":1,"href":"https:\/\/www.ecletismomusical.pt\/en\/wp-json\/wp\/v2\/posts\/3881\/revisions"}],"predecessor-version":[{"id":3883,"href":"https:\/\/www.ecletismomusical.pt\/en\/wp-json\/wp\/v2\/posts\/3881\/revisions\/3883"}],"wp:featuredmedia":[{"embeddable":true,"href":"https:\/\/www.ecletismomusical.pt\/en\/wp-json\/wp\/v2\/media\/3882"}],"wp:attachment":[{"href":"https:\/\/www.ecletismomusical.pt\/en\/wp-json\/wp\/v2\/media?parent=3881"}],"wp:term":[{"taxonomy":"category","embeddable":true,"href":"https:\/\/www.ecletismomusical.pt\/en\/wp-json\/wp\/v2\/categories?post=3881"},{"taxonomy":"post_tag","embeddable":true,"href":"https:\/\/www.ecletismomusical.pt\/en\/wp-json\/wp\/v2\/tags?post=3881"}],"curies":[{"name":"wp","href":"https:\/\/api.w.org\/{rel}","templated":true}]}}