{"id":389,"date":"2011-04-30T20:30:00","date_gmt":"2011-04-30T20:30:00","guid":{"rendered":"https:\/\/ecletismomusical.pt\/new-album-tv-on-the-radio-nine-types-of-light\/"},"modified":"2011-04-30T20:30:00","modified_gmt":"2011-04-30T20:30:00","slug":"new-album-tv-on-the-radio-nine-types-of-light","status":"publish","type":"post","link":"https:\/\/www.ecletismomusical.pt\/en\/new-album-tv-on-the-radio-nine-types-of-light\/","title":{"rendered":"[New Album] TV on The Radio &#8211; Nine Types of Light"},"content":{"rendered":"<div style=\"clear: both;text-align: center\"><a href=\"http:\/\/2.bp.blogspot.com\/-zFTr9NlQtkU\/Tbwvw1lsn_I\/AAAAAAAAAKs\/i1VXLIfFoMg\/s1600\/tv-on-the-radio-nine-types-of-light-300x300.jpg\" style=\"clear: left;float: left;margin-bottom: 1em;margin-right: 1em\"><img src=\"http:\/\/2.bp.blogspot.com\/-zFTr9NlQtkU\/Tbwvw1lsn_I\/AAAAAAAAAKs\/i1VXLIfFoMg\/s1600\/tv-on-the-radio-nine-types-of-light-300x300.jpg\" \/><\/a><\/div>\n<p><\/p>\n<div style=\"text-align: justify\"><span style=\"font-family: Arial,Helvetica,sans-serif\"><br \/>Na semana passada faleceu, aos 34 anos, <b>Gerard Smith<\/b>, baixista dos <a href=\"http:\/\/tvontheradio.com\/\"><b>TV On The Radio<\/b><\/a> n\u00e3o resistindo a um cancro no pulm\u00e3o. O m\u00fasico tinha adoecido pouco antes de terminado o novo \u00e1lbum da banda: <b>\u00abNine Types Of Light\u00bb<\/b>. Smith n\u00e3o conseguiu estar presente nos concertos de apresenta\u00e7\u00e3o deste novo \u00e1lbum que representa um incr\u00edvel paradoxo de como a vida \u00e9. <b>\u00abNine Types Of Light\u00bb<\/b> apresenta uns <a href=\"http:\/\/tvontheradio.com\/\"><b>TV On The Radio<\/b><\/a> sem a \u00abagressividade\u00bb sonora dos primeiros \u00e1lbuns, mas com refor\u00e7ada \u00abagressividade\u00bb nas palavras e no retrato da sociedade americana dos nossos dias. <\/span><\/p>\n<div style=\"clear: both;text-align: center\"><a href=\"http:\/\/vybeyard.com\/wp-content\/uploads\/2011\/04\/Gerard-Smith.jpg\" style=\"clear: left;float: left;margin-bottom: 1em;margin-right: 1em\"><img height=\"320\" src=\"http:\/\/vybeyard.com\/wp-content\/uploads\/2011\/04\/Gerard-Smith.jpg\" width=\"205\" \/><\/a><\/div>\n<p><span style=\"font-family: Arial,Helvetica,sans-serif\"><\/p>\n<p>Este \u00e1lbum vagueia em termos sonoros entre o <b>soul, o funk, a electr\u00f3nica e o indie rock,<\/b> num ambiente \u00abcool\u00bb por mais duras que sejam as palavras proferidas por <b>Tunde Adebimpe<\/b>.<\/span><br \/><span style=\"font-family: Arial,Helvetica,sans-serif\">Juntamente com o lan\u00e7amento do disco, os <a href=\"http:\/\/tvontheradio.com\/\">TV On The Radio<\/a> lan\u00e7aram tamb\u00e9m um filme de um hora com videoclips de cada uma das m\u00fasicas do \u00e1lbum, por entre palpites e ideas de diferentes pessoas sobre diferentes assuntos. A ideia foi a de, pegando no t\u00edtulo do \u00e1lbum,&nbsp; apresentar nove \u00f3pticas diferentes, com diversos caminhos de pensamento. <br \/><\/span><br \/><iframe allowfullscreen=\"\" frameborder=\"0\" height=\"390\" src=\"http:\/\/www.youtube.com\/embed\/8B5GP0AiQMc\" width=\"480\"><\/iframe><\/p>\n<p><span style=\"font-family: Arial,Helvetica,sans-serif\"><br \/>Os <a href=\"http:\/\/tvontheradio.com\/\"><b>TV On The Radio<\/b><\/a> conseguem neste seu novo trabalho demonstrar, com mestria, que, muitas vezes, a maior ac\u00eddez e incisividade, n\u00e3o est\u00e1 na raiva com que se debitam decib\u00e9is e monstruosos riffs de guitarra, mas sim na for\u00e7a da palavra.<\/span><\/div>","protected":false},"excerpt":{"rendered":"<p>Na semana passada faleceu, aos 34 anos, Gerard Smith, baixista dos TV On The Radio n\u00e3o resistindo a um cancro no pulm\u00e3o. O m\u00fasico tinha adoecido pouco antes de terminado o novo \u00e1lbum da banda: \u00abNine Types Of Light\u00bb. Smith n\u00e3o conseguiu estar presente nos concertos de apresenta\u00e7\u00e3o deste novo \u00e1lbum que representa um incr\u00edvel<\/p>","protected":false},"author":1,"featured_media":0,"comment_status":"open","ping_status":"open","sticky":false,"template":"","format":"standard","meta":[],"categories":[1],"tags":[],"_links":{"self":[{"href":"https:\/\/www.ecletismomusical.pt\/en\/wp-json\/wp\/v2\/posts\/389"}],"collection":[{"href":"https:\/\/www.ecletismomusical.pt\/en\/wp-json\/wp\/v2\/posts"}],"about":[{"href":"https:\/\/www.ecletismomusical.pt\/en\/wp-json\/wp\/v2\/types\/post"}],"author":[{"embeddable":true,"href":"https:\/\/www.ecletismomusical.pt\/en\/wp-json\/wp\/v2\/users\/1"}],"replies":[{"embeddable":true,"href":"https:\/\/www.ecletismomusical.pt\/en\/wp-json\/wp\/v2\/comments?post=389"}],"version-history":[{"count":0,"href":"https:\/\/www.ecletismomusical.pt\/en\/wp-json\/wp\/v2\/posts\/389\/revisions"}],"wp:attachment":[{"href":"https:\/\/www.ecletismomusical.pt\/en\/wp-json\/wp\/v2\/media?parent=389"}],"wp:term":[{"taxonomy":"category","embeddable":true,"href":"https:\/\/www.ecletismomusical.pt\/en\/wp-json\/wp\/v2\/categories?post=389"},{"taxonomy":"post_tag","embeddable":true,"href":"https:\/\/www.ecletismomusical.pt\/en\/wp-json\/wp\/v2\/tags?post=389"}],"curies":[{"name":"wp","href":"https:\/\/api.w.org\/{rel}","templated":true}]}}