{"id":390,"date":"2011-04-26T14:48:00","date_gmt":"2011-04-26T14:48:00","guid":{"rendered":"https:\/\/ecletismomusical.pt\/entrevista-dazkarieh\/"},"modified":"2018-06-10T00:23:42","modified_gmt":"2018-06-10T00:23:42","slug":"entrevista-dazkarieh","status":"publish","type":"post","link":"https:\/\/www.ecletismomusical.pt\/en\/entrevista-dazkarieh\/","title":{"rendered":"[ENTREVISTA] Dazkarieh (2011)"},"content":{"rendered":"<div style=\"clear: both;text-align: center\"><a style=\"clear: left;float: left;margin-bottom: 1em;margin-right: 1em\" href=\"http:\/\/4.bp.blogspot.com\/-tzd0FsfsfH4\/TbbJzmVYYzI\/AAAAAAAAAKg\/V6nfv4BcDz8\/s1600\/f_p14joana.jpg\"><img src=\"http:\/\/4.bp.blogspot.com\/-tzd0FsfsfH4\/TbbJzmVYYzI\/AAAAAAAAAKg\/V6nfv4BcDz8\/s320\/f_p14joana.jpg\" width=\"239\" height=\"320\" \/><\/a><\/div>\n<div style=\"font-family: Arial,Helvetica,sans-serif;text-align: justify\">Os <b>Dazkarieh<\/b> s\u00e3o um dos projectos mais interessantes da m\u00fasica portuguesa, contando com mais de 12 anos de carreira e fazendo um som de fus\u00e3o entre o Rock e a M\u00fasica Tradicional Portuguesa.<\/div>\n<div style=\"font-family: Arial,Helvetica,sans-serif;text-align: justify\"><\/div>\n<div style=\"text-align: justify\"><span style=\"font-family: Arial,Helvetica,sans-serif\">Recentemente lan\u00e7aram o seu quinto \u00e1lbum: \u00ab<b>Ru\u00eddo do Sil\u00eancio\u00bb<\/b>, que \u00e9 uma clara afirma\u00e7\u00e3o e confirma\u00e7\u00e3o de uma identidade muito pr\u00f3pria, que come\u00e7a na escolha do nome e que se prolonga por todo o universo criativo da banda.<\/span><\/div>\n<div style=\"text-align: justify\"><\/div>\n<div style=\"background: none repeat scroll 0% 0% white;line-height: normal;margin-bottom: 5pt;text-align: justify\">\n<p><span style=\"font-family: Arial,Helvetica,sans-serif\">O <b>Eclectismo Musical<\/b> esteve \u00e0 conversa com <b>Vasco Ribeiro Casais<\/b> para conhecer melhor o trajecto e as ideias dos <b>Dazkarieh<\/b>.<\/span><\/p>\n<p><b><br \/>\n<span style=\"font-family: Arial,Helvetica,sans-serif\">A incontorn\u00e1vel primeira pergunta: porqu\u00ea Dazkarieh?<\/span><\/b><\/p>\n<p><span style=\"font-family: Arial,Helvetica,sans-serif\">Porque quer\u00edamos ter um nome que fosse s\u00f3 associado a n\u00f3s e para isso cri\u00e1mos uma palavra de raiz que significa a nossa m\u00fasica e a nossa energia em palco. <\/span><\/p>\n<\/div>\n<div style=\"background: none repeat scroll 0% 0% white;line-height: normal;margin-bottom: 5pt;text-align: justify\">\n<p><b><span style=\"font-family: Arial,Helvetica,sans-serif\">Doze anos depois, onde est\u00e3o e para onde querem ir os Dazkarieh?<\/span><\/b><\/p>\n<p><span style=\"font-family: Arial,Helvetica,sans-serif\">Est\u00e3o numa fase de grande confian\u00e7a, em que j\u00e1 t\u00eam um p\u00fablico s\u00f3lido (dentro e fora de Portugal) que segue a banda e come\u00e7am agora a chegar a a cada vez mais pessoas. <\/span><span style=\"font-family: Arial,Helvetica,sans-serif\">Como objectivos futuros, o nosso objectivo \u00e9 o mundo!<\/span><span style=\"font-family: Arial,Helvetica,sans-serif\"> Queremos continuar a fazer a m\u00fasica que gostamos e a partilh\u00e1-la com as pessoas. <\/span><\/p>\n<\/div>\n<p><iframe src=\"http:\/\/www.youtube.com\/embed\/fBo70n9_oZ8\" width=\"480\" height=\"390\" frameborder=\"0\" allowfullscreen=\"allowfullscreen\"><\/iframe><\/p>\n<div style=\"text-align: justify\">\n<p><span style=\"font-family: Arial,Helvetica,sans-serif\"><b>Recentemente lan\u00e7aram \u00abRu\u00eddo do Sil\u00eancio\u00bb, \u00e1lbum que parece ser aquele que melhor vos representa enquanto banda de fus\u00e3o entre a m\u00fasica tradicional portuguesa e o Pop\/Rock, partilham desta vis\u00e3o?<\/b><\/span><\/p>\n<p>Sim, \u00e9 sem d\u00favida o nosso melhor disco, em que as nossas ideias foram mais claramente expressas e em que sentimos a consolida\u00e7\u00e3o do nosso som. Podemos dizer que j\u00e1 temos um som que nos define e que realmente \u00e9 essa fus\u00e3o entre a m\u00fasica de tradi\u00e7\u00e3o oral e o rock mas n\u00e3o s\u00f3, \u00e9 tamb\u00e9m a nossa identidade enquanto seres humanos e artistas.<\/p>\n<\/div>\n<div style=\"text-align: justify\"><\/div>\n<div style=\"text-align: justify\">\n<p><span style=\"font-family: Arial,Helvetica,sans-serif\"><b>Como funciona o processo criativo dos Dazkarieh? De que forma \u00e9 feita a recolha dos temas e a sua transposi\u00e7\u00e3o para a linguagem Dazkarieh?<\/b><\/span><\/p>\n<p>O que fazemos \u00e9 ouvir durante bastante tempo v\u00e1rias recolhas e progressivamente escolher as que mais liga\u00e7\u00e3o t\u00eam connosco. Depois depende muito da m\u00fasica e do que sentimos com ela. Vamos experimentando v\u00e1rios instrumentos e v\u00e1rias abordagens at\u00e9 chegarmos ao que se ouve nos discos. Por vezes as coisas s\u00e3o imediatas, em horas temos o tema pronto na sua vers\u00e3o final.<\/p>\n<p>Em rela\u00e7\u00e3o aos temas originais primeiro criamos a melodia principal, depois a Joana escreve a letra e com base na letra fazemos o arranjo. \u00c9 em muito semelhante aos temas tradicionais e h\u00e1 m\u00fasicas que s\u00e3o imediatas e outras que requerem mais tempo de gesta\u00e7\u00e3o.<\/p>\n<\/div>\n<div style=\"clear: both;text-align: center\"><\/div>\n<div style=\"clear: both;text-align: center\"><a style=\"clear: left;float: left;margin-bottom: 1em;margin-right: 1em\" href=\"http:\/\/1.bp.blogspot.com\/-mqzdKZIMcyM\/TbbSAfd-KfI\/AAAAAAAAAKk\/5GvXD9zrVqA\/s1600\/Dazkarieh+2011.jpg\"><img src=\"http:\/\/1.bp.blogspot.com\/-mqzdKZIMcyM\/TbbSAfd-KfI\/AAAAAAAAAKk\/5GvXD9zrVqA\/s400\/Dazkarieh+2011.jpg\" width=\"400\" height=\"265\" \/><\/a><\/div>\n<div style=\"text-align: justify\">\n<p><span style=\"font-family: Arial,Helvetica,sans-serif\"><b>\u00a0<\/b><\/span><\/p>\n<p>&nbsp;<\/p>\n<\/div>\n<div style=\"text-align: justify\"><\/div>\n<div style=\"text-align: justify\"><\/div>\n<p>&nbsp;<\/p>\n<div style=\"text-align: justify\">\n<p>&nbsp;<\/p>\n<p>Do vosso som resulta um enorme cuidado na selec\u00e7\u00e3o dos instrumentos e na sua conjuga\u00e7\u00e3o. Sempre tiveram como objectivo fundamental pegar em instrumentos de diversos locais do mundo (e n\u00e3o apenas nos instrumentos tradicionais portugueses), ou foi algo que veio a acontecer no decorrer do processo criativo?<\/p>\n<p>Numa fase inicial est\u00e1vamos mais virados para todo o mundo mas com o tempo ach\u00e1mos que fazia mais sentido explorar a nossa tradi\u00e7\u00e3o e os nossos instrumentos e progressivamente vamos utilizando mais instrumentos portugueses. Neste momento o \u00fanico instrumento estrangeiro \u00e9 a Nyckelharpa, de resto usamos o Cavaquinho, as Gaitas de Fole Portuguesas, o Adufe e a Voz.<\/p>\n<p><b>Que sentimento t\u00eam ao pensar que a vossa m\u00fasica representa o Pa\u00eds e, provavelmente, ter\u00e1 sempre maior destaque fora de portas do que em territ\u00f3rio nacional? <\/b><\/p>\n<p>\u00c9 verdade que temos tido bastante destaque fora de portas mas discordo que a nossa m\u00fasica n\u00e3o ir\u00e1 ter a mesma import\u00e2ncia dentro de Portugal. Os portugueses est\u00e3o cada vez mais a gostar deles mesmos e isso come\u00e7a a notar-se em todas as \u00e1reas. Por outro lado \u00e9 muito bom tocar fora de Portugal e ter pessoas que n\u00e3o falam a nossa l\u00edngua a trautear as nossas m\u00fasicas.<\/p>\n<p>&nbsp;<\/p>\n<\/div>\n<p><iframe src=\"http:\/\/www.youtube.com\/embed\/KYEtKJg9zQM\" width=\"480\" height=\"390\" frameborder=\"0\" allowfullscreen=\"allowfullscreen\"><\/iframe><\/p>\n<div style=\"text-align: justify\">\n<div style=\"text-align: justify\">\n<p><b><span style=\"font-family: Arial,Helvetica,sans-serif\">A prop\u00f3sito, qual consideram ser o \u00abestado d&#8217;arte\u00bb da m\u00fasica feita em Portugal? <\/span><\/b><\/p>\n<p><span style=\"font-family: Arial,Helvetica,sans-serif\">Consideramos muito bom em todas as \u00e1reas. Temos grandes artistas e m\u00fasicos a fazer coisas muito boas e interessantes e melhor ainda temos o p\u00fablico cada vez mais receptivo aos artistas nacionais. Acho que \u00e9 sempre bom ver o que se passa no mundo mas temos artistas nacionais t\u00e3o bons ou melhores que os internacionais. <\/span><\/p>\n<p><span style=\"font-family: Arial,Helvetica,sans-serif\"><b>Consideram que no vosso caso a Internet foi\/\u00e9 um motor no vosso desenvolvimento enquanto banda, nomeadamente, no n\u00famero de pessoas a que chegam, especialmente no estrangeiro? Quais s\u00e3o os canais que utilizam de uma forma mais activa para comunicarem com os vossos f\u00e3s? <\/b><\/span><\/p>\n<p><span style=\"font-family: Arial,Helvetica,sans-serif\"> <span style=\"font-family: Arial,Helvetica,sans-serif\">Sim, a internet \u00e9 sem d\u00favida uma ferramenta essencial nos dias que correm. Neste momento o facebook (<\/span><\/span><a style=\"font-family: Arial,Helvetica,sans-serif\" href=\"http:\/\/www.facebook.com\/pages\/DAZKARIEH\/\">http:\/\/www.facebook.com\/pages\/DAZKARIEH\/<\/a><span style=\"font-family: Arial,Helvetica,sans-serif\">) \u00e9 a ferramenta de comunica\u00e7\u00e3o mais directa e activa. Depois claro o nosso site (<a href=\"http:\/\/www.dazkarieh.com\/\">http:\/\/www.dazkarieh.com)<\/a> myspace (<\/span><a style=\"font-family: Arial,Helvetica,sans-serif\" href=\"http:\/\/www.myspace.com\/dazkarieh\">http:\/\/www.myspace.com\/dazkarieh<\/a><span style=\"font-family: Arial,Helvetica,sans-serif\">) e todos os meios dispon\u00edveis.<\/span><\/p>\n<\/div>\n<p>&nbsp;<\/p>\n<\/div>\n<p><span style=\"font-family: Arial,Helvetica,sans-serif\">\u00a0<\/span><\/p>\n<div style=\"clear: both;text-align: center\"><a style=\"clear: left;float: left;margin-bottom: 1em;margin-right: 1em\" href=\"http:\/\/4.bp.blogspot.com\/-vT62DBq7rjc\/TbbUYbrd1II\/AAAAAAAAAKo\/78zGPfc5ccU\/s1600\/dazkarieh+capa.jpg\"><img src=\"http:\/\/4.bp.blogspot.com\/-vT62DBq7rjc\/TbbUYbrd1II\/AAAAAAAAAKo\/78zGPfc5ccU\/s320\/dazkarieh+capa.jpg\" width=\"320\" height=\"281\" \/><\/a><\/div>\n<div style=\"text-align: justify\">\n<p>&nbsp;<\/p>\n<p>&nbsp;<\/p>\n<\/div>\n<div style=\"text-align: justify\">\n<p>&nbsp;<\/p>\n<p>T\u00eam estado sempre longe das grandes editoras. Op\u00e7\u00e3o, inevitabilidade do estilo musical ou conjectura econ\u00f3mica? A distribui\u00e7\u00e3o tradicional ainda perdura ou as grandes editoras tornaram-se desnecess\u00e1rias?<\/p>\n<p><span style=\"font-family: Arial,Helvetica,sans-serif\">Nos primeiros discos foi mesmo op\u00e7\u00e3o. Mais para a frente ainda houve algum interesse mas que n\u00e3o deu em nada. Tamb\u00e9m h\u00e1 que perceber que as grandes editoras s\u00e3o empresas focadas no lucro e que querem \u00e9 vender, n\u00e3o s\u00e3o propriamente agentes culturais. Apesar de acharmos que a nossa m\u00fasica pode chegar \u00e0s massas, o que fazemos \u00e9 original e diferente e como tal existe um resist\u00eancia grande ao que \u00e9 diferente, mesmo por aqueles que dizem que apostam em coisas diferentes. Neste momento estamos com uma editora Alem\u00e3 e temos a nossa m\u00fasica distribu\u00edda fisicamente na Alemanha, Inglaterra, Espanha e Portugal e a expandir para outros mercados. Digitalmente est\u00e1 em todo o mundo. Estamos muito satisfeitos com o trabalho em conjunto com eles. <\/span><\/p>\n<p>Por outro lado \u00e9 um facto que tudo mudou na ind\u00fastria discogr\u00e1fica. J\u00e1 n\u00e3o se vendem tantos discos e as grandes editoras est\u00e3o a virar-se para os concertos. Hoje em dia as bandas j\u00e1 n\u00e3o necessitam de uma editora para fazer chegar a sua m\u00fasica \u00e0s pessoas o que faz com que existam cada vez mais projectos interessantes e que se desenvolva mais a arte sem ter em vista s\u00f3 uma perspectiva comercial.<\/p>\n<p><b>O Auto-financiamento \u00e9 a \u00fanica forma sustent\u00e1vel de produzir um disco e apostar numa carreira internacional ou ter\u00e1 for\u00e7osamente que ser o estado a apoiar em projectos como o \u201cPortugal Music Export\u201d? <\/b><\/p>\n<p>No nosso caso e at\u00e9 agora foi sempre tudo auto financiado com excep\u00e7\u00e3o deste ultimo trabalho que teve um apoio da Sociedade Portuguesa de Autores. Felizmente foi criado o \u201cPortugal Music Export\u201d h\u00e1 semelhan\u00e7a do que j\u00e1 existe l\u00e1 fora h\u00e1 muitos anos. Tenho esperan\u00e7a nesse projecto e acho que toda a m\u00fasica portuguesa vai beneficiar dele.<\/p>\n<p>&nbsp;<\/p>\n<\/div>\n<p><iframe src=\"http:\/\/www.youtube.com\/embed\/HMn-cbwm_Wg\" width=\"480\" height=\"390\" frameborder=\"0\" allowfullscreen=\"allowfullscreen\"><\/iframe><\/p>\n<div style=\"text-align: justify\">\n<p><span style=\"font-family: Arial,Helvetica,sans-serif\"><b>Que nomes colocavam no vosso &#8220;Festival Ideal&#8221;? (Vivos ou n\u00e3o) <\/b><\/span><\/p>\n<p>Metallica, Muse, Ben Harper, Portishead, Queen (com o Freddy Mercury), Radiohead, NIN, Velha Gaiteira, Ornatos Violeta, Garmarna, Hedningarna, Lhasa.<br \/>\n<b><br style=\"font-family: Arial,Helvetica,sans-serif\" \/><\/b><span style=\"font-family: Arial,Helvetica,sans-serif\"><b>Quais s\u00e3o os vossos planos para os pr\u00f3ximos meses? Por onde andar\u00e3o? <\/b><\/span><\/p>\n<p>Estaremos por Portugal a promover o nosso disco. Temos duas sa\u00eddas: Su\u00ed\u00e7a em Julho e Litu\u00e2nia em Agosto. Estamos sempre em agita\u00e7\u00e3o interior por isso j\u00e1 se pensa em projectos pr\u00f3ximos.<\/p>\n<\/div>","protected":false},"excerpt":{"rendered":"<p>Os Dazkarieh s\u00e3o um dos projectos mais interessantes da m\u00fasica portuguesa, contando com mais de 12 anos de carreira e fazendo um som de fus\u00e3o entre o Rock e a M\u00fasica Tradicional Portuguesa. Recentemente lan\u00e7aram o seu quinto \u00e1lbum: \u00abRu\u00eddo do Sil\u00eancio\u00bb, que \u00e9 uma clara afirma\u00e7\u00e3o e confirma\u00e7\u00e3o de uma identidade muito pr\u00f3pria, que<\/p>","protected":false},"author":1,"featured_media":1789,"comment_status":"open","ping_status":"open","sticky":false,"template":"","format":"standard","meta":[],"categories":[25],"tags":[52],"_links":{"self":[{"href":"https:\/\/www.ecletismomusical.pt\/en\/wp-json\/wp\/v2\/posts\/390"}],"collection":[{"href":"https:\/\/www.ecletismomusical.pt\/en\/wp-json\/wp\/v2\/posts"}],"about":[{"href":"https:\/\/www.ecletismomusical.pt\/en\/wp-json\/wp\/v2\/types\/post"}],"author":[{"embeddable":true,"href":"https:\/\/www.ecletismomusical.pt\/en\/wp-json\/wp\/v2\/users\/1"}],"replies":[{"embeddable":true,"href":"https:\/\/www.ecletismomusical.pt\/en\/wp-json\/wp\/v2\/comments?post=390"}],"version-history":[{"count":2,"href":"https:\/\/www.ecletismomusical.pt\/en\/wp-json\/wp\/v2\/posts\/390\/revisions"}],"predecessor-version":[{"id":1911,"href":"https:\/\/www.ecletismomusical.pt\/en\/wp-json\/wp\/v2\/posts\/390\/revisions\/1911"}],"wp:featuredmedia":[{"embeddable":true,"href":"https:\/\/www.ecletismomusical.pt\/en\/wp-json\/wp\/v2\/media\/1789"}],"wp:attachment":[{"href":"https:\/\/www.ecletismomusical.pt\/en\/wp-json\/wp\/v2\/media?parent=390"}],"wp:term":[{"taxonomy":"category","embeddable":true,"href":"https:\/\/www.ecletismomusical.pt\/en\/wp-json\/wp\/v2\/categories?post=390"},{"taxonomy":"post_tag","embeddable":true,"href":"https:\/\/www.ecletismomusical.pt\/en\/wp-json\/wp\/v2\/tags?post=390"}],"curies":[{"name":"wp","href":"https:\/\/api.w.org\/{rel}","templated":true}]}}