{"id":3918,"date":"2019-01-03T15:24:39","date_gmt":"2019-01-03T15:24:39","guid":{"rendered":"https:\/\/www.ecletismomusical.pt\/?p=3918"},"modified":"2019-01-03T15:51:41","modified_gmt":"2019-01-03T15:51:41","slug":"new-song-luisa-e-salvador-sobral-so-um-beijo","status":"publish","type":"post","link":"https:\/\/www.ecletismomusical.pt\/en\/new-song-luisa-e-salvador-sobral-so-um-beijo\/","title":{"rendered":"[New Video] Lu\u00edsa e Salvador Sobral &#8211; S\u00f3 um Beijo"},"content":{"rendered":"<div class=\"wp-block-embed__wrapper\">\n<iframe width=\"900\" height=\"506\" src=\"https:\/\/www.youtube.com\/embed\/nrAITklsT7E?feature=oembed\" frameborder=\"0\" allowfullscreen><\/iframe>\n<\/div>\n\n\n\n<p>Vers\u00e3o de um dos temas do \u00e1lbum Rosa da Lu\u00edsa Sobral que conta com a participa\u00e7\u00e3o do\u00a0<a href=\"https:\/\/www.facebook.com\/salvadorsobralmusic\/?__tn__=K-R&amp;eid=ARCmiNkU1njcOjYXX74Eo2ze_3H5wFGi-wHq7-AbKLjroMSazRDVdCVQSPG7MRdBGLtCRnEFhCWoceuZ&amp;fref=mentions&amp;__xts__%5B0%5D=68.ARDmkFtcCATWorVg_p7JBBoTLM_8wO-hxZDDzm4OXjJL6KILncLhwlTTSJQ7wtuhgiEPujIeJOybyCeXiorPGHWrkDDmgIdd-qv0R_rAGGjsEZNfcGKdKoqVHFN7DgDJ-BGCz6Da1nZWkWHxGSJxCfmYUKxZ0RvEseW6Q32n2KsJGkPS-r3Cjt0g4F2Vg72ucueYtqgT1zOm8KKKQent_LAIeo10O9443nVqrRCkEHgC4T5lECqtWSvDutmH-JpzUwZ5ZpK_C0yc6vDesF3UXExfrsx1nkxSMXO-pkp7acZlY_oDwWz-A_Uo3ZDci4zaWDwnzbTPrtCbzDMI5bqJjXKIEQ\">Salvador Sobral<\/a>. <\/p>","protected":false},"excerpt":{"rendered":"<p>Vers\u00e3o de um dos temas do \u00e1lbum Rosa da Lu\u00edsa Sobral que conta com a participa\u00e7\u00e3o do\u00a0Salvador Sobral.<\/p>","protected":false},"author":3,"featured_media":3919,"comment_status":"open","ping_status":"open","sticky":false,"template":"","format":"video","meta":[],"categories":[235],"tags":[534,100],"_links":{"self":[{"href":"https:\/\/www.ecletismomusical.pt\/en\/wp-json\/wp\/v2\/posts\/3918"}],"collection":[{"href":"https:\/\/www.ecletismomusical.pt\/en\/wp-json\/wp\/v2\/posts"}],"about":[{"href":"https:\/\/www.ecletismomusical.pt\/en\/wp-json\/wp\/v2\/types\/post"}],"author":[{"embeddable":true,"href":"https:\/\/www.ecletismomusical.pt\/en\/wp-json\/wp\/v2\/users\/3"}],"replies":[{"embeddable":true,"href":"https:\/\/www.ecletismomusical.pt\/en\/wp-json\/wp\/v2\/comments?post=3918"}],"version-history":[{"count":2,"href":"https:\/\/www.ecletismomusical.pt\/en\/wp-json\/wp\/v2\/posts\/3918\/revisions"}],"predecessor-version":[{"id":3922,"href":"https:\/\/www.ecletismomusical.pt\/en\/wp-json\/wp\/v2\/posts\/3918\/revisions\/3922"}],"wp:featuredmedia":[{"embeddable":true,"href":"https:\/\/www.ecletismomusical.pt\/en\/wp-json\/wp\/v2\/media\/3919"}],"wp:attachment":[{"href":"https:\/\/www.ecletismomusical.pt\/en\/wp-json\/wp\/v2\/media?parent=3918"}],"wp:term":[{"taxonomy":"category","embeddable":true,"href":"https:\/\/www.ecletismomusical.pt\/en\/wp-json\/wp\/v2\/categories?post=3918"},{"taxonomy":"post_tag","embeddable":true,"href":"https:\/\/www.ecletismomusical.pt\/en\/wp-json\/wp\/v2\/tags?post=3918"}],"curies":[{"name":"wp","href":"https:\/\/api.w.org\/{rel}","templated":true}]}}