{"id":3931,"date":"2019-01-07T10:37:38","date_gmt":"2019-01-07T10:37:38","guid":{"rendered":"https:\/\/www.ecletismomusical.pt\/?p=3931"},"modified":"2019-01-07T10:38:16","modified_gmt":"2019-01-07T10:38:16","slug":"concert-10o-aniversario-branmorrighan","status":"publish","type":"post","link":"https:\/\/www.ecletismomusical.pt\/en\/concert-10o-aniversario-branmorrighan\/","title":{"rendered":"[Concert] 10\u00ba Anivers\u00e1rio BranMorrighan"},"content":{"rendered":"<img width=\"800\" height=\"1131\" src=\"https:\/\/i2.wp.com\/www.ecletismomusical.pt\/wp-content\/uploads\/2019\/01\/musicbox.jpg?fit=724%2C1024&amp;ssl=1\" alt=\"\" class=\"wp-image-3932\" srcset=\"https:\/\/www.ecletismomusical.pt\/wp-content\/uploads\/2019\/01\/musicbox.jpg 800w, https:\/\/www.ecletismomusical.pt\/wp-content\/uploads\/2019\/01\/musicbox-212x300.jpg 212w, https:\/\/www.ecletismomusical.pt\/wp-content\/uploads\/2019\/01\/musicbox-768x1086.jpg 768w, https:\/\/www.ecletismomusical.pt\/wp-content\/uploads\/2019\/01\/musicbox-724x1024.jpg 724w\" \/>\n\n\n\n<p> Um dos mais interessantes projetos da blogosfera tuga comemora o seu 10\u00ba anivers\u00e1rio. A criativa <strong>Sofia Teixeira<\/strong>, decidiu reunir um conjunto de nomes da nova m\u00fasica portuguesa e festejar no Musicbox, no pr\u00f3ximo dia 18 de Janeiro, os 10 anos do seu blog: <a href=\"http:\/\/www.branmorrighan.com\/\">BranMorrighan.<\/a> <\/p>\n\n\n\n<p><\/p>\n\n\n\n<p><\/p>","protected":false},"excerpt":{"rendered":"<p>Um dos mais interessantes projetos da blogosfera tuga comemora o seu 10\u00ba anivers\u00e1rio. A criativa Sofia Teixeira, decidiu reunir um conjunto de nomes da nova m\u00fasica portuguesa e festejar no Musicbox, no pr\u00f3ximo dia 18 de Janeiro, os 10 anos do seu blog: BranMorrighan.<\/p>","protected":false},"author":3,"featured_media":3933,"comment_status":"open","ping_status":"open","sticky":false,"template":"","format":"standard","meta":[],"categories":[118],"tags":[636,45,562],"_links":{"self":[{"href":"https:\/\/www.ecletismomusical.pt\/en\/wp-json\/wp\/v2\/posts\/3931"}],"collection":[{"href":"https:\/\/www.ecletismomusical.pt\/en\/wp-json\/wp\/v2\/posts"}],"about":[{"href":"https:\/\/www.ecletismomusical.pt\/en\/wp-json\/wp\/v2\/types\/post"}],"author":[{"embeddable":true,"href":"https:\/\/www.ecletismomusical.pt\/en\/wp-json\/wp\/v2\/users\/3"}],"replies":[{"embeddable":true,"href":"https:\/\/www.ecletismomusical.pt\/en\/wp-json\/wp\/v2\/comments?post=3931"}],"version-history":[{"count":1,"href":"https:\/\/www.ecletismomusical.pt\/en\/wp-json\/wp\/v2\/posts\/3931\/revisions"}],"predecessor-version":[{"id":3934,"href":"https:\/\/www.ecletismomusical.pt\/en\/wp-json\/wp\/v2\/posts\/3931\/revisions\/3934"}],"wp:featuredmedia":[{"embeddable":true,"href":"https:\/\/www.ecletismomusical.pt\/en\/wp-json\/wp\/v2\/media\/3933"}],"wp:attachment":[{"href":"https:\/\/www.ecletismomusical.pt\/en\/wp-json\/wp\/v2\/media?parent=3931"}],"wp:term":[{"taxonomy":"category","embeddable":true,"href":"https:\/\/www.ecletismomusical.pt\/en\/wp-json\/wp\/v2\/categories?post=3931"},{"taxonomy":"post_tag","embeddable":true,"href":"https:\/\/www.ecletismomusical.pt\/en\/wp-json\/wp\/v2\/tags?post=3931"}],"curies":[{"name":"wp","href":"https:\/\/api.w.org\/{rel}","templated":true}]}}