{"id":394,"date":"2011-04-12T11:37:00","date_gmt":"2011-04-12T11:37:00","guid":{"rendered":"https:\/\/ecletismomusical.pt\/entrevista-francisca-cortesao-minta\/"},"modified":"2018-06-10T00:24:08","modified_gmt":"2018-06-10T00:24:08","slug":"entrevista-francisca-cortesao-minta","status":"publish","type":"post","link":"https:\/\/www.ecletismomusical.pt\/en\/entrevista-francisca-cortesao-minta\/","title":{"rendered":"[ENTREVISTA] Francisca Cortes\u00e3o (Minta) (2011)"},"content":{"rendered":"<div style=\"clear: both;text-align: center\"><a style=\"clear: left;float: left;margin-bottom: 1em;margin-right: 1em\" href=\"http:\/\/2.bp.blogspot.com\/-4Z4hiUTcn6o\/TaQiPk8TurI\/AAAAAAAAAKU\/TKzfX8jSra8\/s1600\/1233150352mintaesquerda.jpg\"><img src=\"http:\/\/2.bp.blogspot.com\/-4Z4hiUTcn6o\/TaQiPk8TurI\/AAAAAAAAAKU\/TKzfX8jSra8\/s320\/1233150352mintaesquerda.jpg\" width=\"217\" height=\"320\" \/><\/a><\/div>\n<div style=\"font-family: Arial,Helvetica,sans-serif;text-align: justify\"><a href=\"http:\/\/www.minta.me\/\"><b>Francisca Cortes\u00e3o<\/b><\/a> nasceu em 1983 no Porto e, desde cedo, que o seu gosto pela m\u00fasica despertou. Ainda n\u00e3o muito conhecida do grande p\u00fablico, a verdade \u00e9 que o seu \u00e1lbum de estreia enquanto singer-songwriter atrav\u00e9s do projecto <a href=\"http:\/\/www.myspace.com\/franciscacortesao\"><b>\u00abMinta &amp; The Brook Trout\u00bb<\/b><\/a> <b>(dispon\u00edvel disco especial ao vivo <a href=\"http:\/\/minta.bandcamp.com\/album\/carnide\">AQUI<\/a>)<\/b> alcan\u00e7ou excelentes cr\u00edticas nos media especializados, tendo feito parte de algumas das listas de melhores discos do Ano. Tendo-se iniciado nos <b>Casino<\/b>, colaborou com diversos m\u00fasicos, sendo que o facto de ter sido escolhida pelo <b>David Fonseca<\/b> para substituir a <b>Rita Redshoes<\/b> na banda que acompanha o m\u00fasico, constitui at\u00e9 agora o seu momento alto e que lhe conferiu alguma maior visibilidade.<\/div>\n<div style=\"font-family: Arial,Helvetica,sans-serif;text-align: justify\"><\/div>\n<div style=\"text-align: justify\">\n<p><span style=\"font-family: Arial,Helvetica,sans-serif\">Mas <b>Francisca<\/b> n\u00e3o p\u00e1ra e \u00e9 uma mulher com sonhos. Recentemente, juntamente com tr\u00eas amigos, criou o projecto <a href=\"http:\/\/www.facebook.com\/theyreheadingwest\"><b>\u00abThey&#8217;re Heading West\u00bb<\/b><\/a> que pretende responder a um sonho de <b>Francisca: tocar na costa Oeste dos EUA e Canad\u00e1<\/b>, o que dever\u00e1 acontecer l\u00e1 para Setembro deste ano. O <b>Eclectismo Musical<\/b> esteve \u00e0 conversa com <b>Francisca<\/b> e fic\u00e1mos a conhecer melhor esta promissora artista.<\/span><\/p>\n<div style=\"font-family: Arial,Helvetica,sans-serif\"><\/div>\n<div style=\"font-family: Arial,Helvetica,sans-serif\"><b>Francisca Cortes\u00e3o ou Minta? Como te v\u00eas e em que pele te sentes melhor enquanto artista?<\/b><\/div>\n<div style=\"font-family: Arial,Helvetica,sans-serif\"><\/div>\n<div style=\"font-family: Arial,Helvetica,sans-serif\">\u201cMinta\u201d foi s\u00f3 um nome que surgiu na altura em que editei o meu primeiro EP, You, em 2008. E antes disso j\u00e1 fazia m\u00fasica, e usava o meu nome. E depois disso, em todos as bandas que n\u00e3o Minta &amp; The Brook Trout em que colaboro, tenho usado sempre o meu nome. Francisca Cortes\u00e3o, portanto, \u00e9 como me sinto melhor. Acho sempre estranh\u00edssimo quando algu\u00e9m me chama Minta.<\/div>\n<\/div>\n<div style=\"font-family: Arial,Helvetica,sans-serif;text-align: justify\"><\/div>\n<div style=\"font-family: Arial,Helvetica,sans-serif;text-align: justify\"><\/div>\n<div style=\"text-align: justify\">\n<div style=\"font-family: Arial,Helvetica,sans-serif\"><b><br \/>\nComo descobriste a m\u00fasica e a tua veia de \u00abcantautora\u00bb?<\/b><\/div>\n<div style=\"font-family: Arial,Helvetica,sans-serif\"><\/div>\n<p><span style=\"font-family: Arial,Helvetica,sans-serif\">Cresci numa fam\u00edlia muito virada para as artes em geral e tamb\u00e9m para a m\u00fasica. As paredes da nossa casa estavam cheias de livros e de discos e muito cedo me come\u00e7aram a levar ao cinema, a exposi\u00e7\u00f5es e a concertos. Lembro-me de tocar no piano de casa da minha tia-av\u00f3 antes de ir para a escola prim\u00e1ria. Fui para a escola de m\u00fasica pelos dez anos. Por essa altura comecei tamb\u00e9m a inventar as primeiras can\u00e7\u00f5es, mas eram horr\u00edveis. A primeira que acho boa, \u201cThe Wonderful Miss D\u201d foi escrita quando eu tinha para a\u00ed treze anos, para os Casino, a minha banda da altura.<\/span><\/p>\n<\/div>\n<p><iframe src=\"http:\/\/www.youtube.com\/embed\/Y3LKmhhJ2Cw\" width=\"480\" height=\"390\" frameborder=\"0\" allowfullscreen=\"allowfullscreen\"><\/iframe><\/p>\n<div style=\"text-align: justify\">\n<p><b><span style=\"font-family: Arial,Helvetica,sans-serif\">Come\u00e7aste a tua carreira mais a s\u00e9rio nos Casino. J\u00e1 deu para perceberes se queres ser uma artista solit\u00e1ria, na acep\u00e7\u00e3o mais \u00absinger-songwriter\u00bb cl\u00e1ssica ou se preferes o &#8220;conforto&#8221; de pertencer a uma banda?<\/span><\/b><\/p>\n<p><span style=\"font-family: Arial,Helvetica,sans-serif\">Gosto muito de tocar e de escrever can\u00e7\u00f5es. Tenho a sorte de saber que \u00e9 isso que gosto mesmo de fazer na vida, e descobri-o muito cedo. N\u00e3o quero de todo ser uma \u201cartista solit\u00e1ria\u201d, a \u00fanica raz\u00e3o porque tive uma fase assim foi porque os Casino acabaram e de repente me vi sem banda, mas com can\u00e7\u00f5es que queria ver andar. Mas digo-te de caras que o grande prazer de fazer m\u00fasica vem de tocar com outras pessoas, e tenho tido a sorte de trabalhar com m\u00fasicos maravilhosos nos \u00faltimos anos.<\/span><\/p>\n<\/div>\n<div style=\"text-align: justify\"><\/div>\n<div style=\"clear: both;text-align: center\"><a style=\"clear: left;float: left;margin-bottom: 1em;margin-right: 1em\" href=\"http:\/\/bodyspace.net\/imgs\/noticias\/minta.jpg\"><img src=\"http:\/\/bodyspace.net\/imgs\/noticias\/minta.jpg\" width=\"400\" height=\"266\" \/><\/a><\/div>\n<p>&nbsp;<\/p>\n<div style=\"font-family: Arial,Helvetica,sans-serif;text-align: justify\">\n<p><b><br \/>\nLan\u00e7aste em 2009, enquanto \u00abMinta &amp; The Brook Trout\u00bb o teu \u00e1lbum de estreia, depois do muito bem recebido EP \u00abYou\u00bb. Que balan\u00e7o fazes do resultado desse lan\u00e7amento? Para al\u00e9m das excelentes cr\u00edticas na imprensa especializada sentiste ter chegado \u00e0s pessoas?<\/b><\/p>\n<p>Estou muito contente com o disco, e com a reac\u00e7\u00e3o das pessoas. Para al\u00e9m das cr\u00edticas muito simp\u00e1ticas aquilo que nos t\u00eam dito, nos concertos e atrav\u00e9s da internet, t\u00eam sido s\u00f3 coisas boas. Foi tamb\u00e9m isso que me levou a querer fazer um espect\u00e1culo especial, com convidados, e um novo disco a partir desse concerto. Sai finalmente no dia 11 de Abril (s\u00f3 em formato digital) e chama-se Carnide, em honra da freguesia em que fica o Teatro da Luz, onde grav\u00e1mos a 19 de Dezembro do ano passado.<\/p>\n<p><iframe style=\"height: 410px;width: 300px\" src=\"http:\/\/bandcamp.com\/EmbeddedPlayer\/v=2\/album=353776329\/size=grande3\/bgcol=FFFFFF\/linkcol=4285BB\/\" width=\"300\" height=\"150\" frameborder=\"0\">&amp;amp;lt;p&amp;amp;gt;&amp;amp;amp;lt;a href=&#8221;http:\/\/minta.bandcamp.com\/album\/carnide&#8221;&amp;amp;amp;gt;carnide by minta &amp;amp;amp;amp;amp; the brook trout&amp;amp;amp;lt;\/a&amp;amp;amp;gt;&amp;amp;lt;\/p&amp;amp;gt;<\/iframe><br \/>\n<b>A prop\u00f3sito, qual consideras ser o \u00abestado d&#8217;arte\u00bb da m\u00fasica feita em Portugal?<\/b><\/p>\n<p>De alguma maneira, acho que estamos melhor que nunca. H\u00e1 muita gente a fazer coisas interessantes, e muito diversas. E apesar de as editoras grandes n\u00e3o estarem em condi\u00e7\u00f5es de apostar em muitos artistas novos, as bandas t\u00eam agora outras maneiras de fazer chegar a m\u00fasica \u00e0s pessoas. A \u00fanica coisa que espero que venha a melhorar \u00e9 o n\u00famero e a variedade de salas para fazer concertos.<\/p>\n<\/div>\n<p><b><iframe style=\"font-family: Arial,Helvetica,sans-serif\" src=\"http:\/\/www.youtube.com\/embed\/IFaAgjDjIHk\" width=\"480\" height=\"390\" frameborder=\"0\" allowfullscreen=\"allowfullscreen\"><\/iframe><\/b><\/p>\n<div style=\"font-family: Arial,Helvetica,sans-serif;text-align: justify\">\n<p><b><br \/>\nChegaste ao conhecimento das pessoas atrav\u00e9s das novas tecnologias, quais os canais que continuas a utilizar de uma forma mais activa para comunicares com os teus f\u00e3s? <\/b><\/p>\n<p>Acho que n\u00e3o tenho propriamente f\u00e3s! Mas, neste momento, comunico com as pessoas que nos ouvem sobretudo atrav\u00e9s do <a href=\"http:\/\/www.facebook.com\/francisca.cortesao\">Facebook<\/a>, para al\u00e9m do meu site (<a href=\"http:\/\/www.minta.me\/\">www.minta.me<\/a>), que actualizo regularmente, e da newsletter que envio sempre que h\u00e1 concertos ou outras novidades. Para partilhar m\u00fasica uso o <a href=\"http:\/\/minta.bandcamp.com\/album\/carnide\">Bandcamp<\/a> e o SoundCloud, dois sites que funcionam muit\u00edssimo bem. No in\u00edcio o MySpace foi muito importante, foi como comecei a mostrar as can\u00e7\u00f5es, mas neste momento est\u00e1 meio moribundo.<\/p>\n<p><b>Qual \u00e9 a ordem do teu processo criativo? Tens um m\u00e9todo ou varia consoante o momento?<\/b><\/p>\n<p>Nem te consigo responder essa pergunta, de t\u00e3o an\u00e1rquico o meu \u201cprocesso criativo\u201d\u2026<\/p>\n<\/div>\n<div style=\"font-family: Arial,Helvetica,sans-serif;text-align: justify\"><\/div>\n<div style=\"clear: both;text-align: center\"><a style=\"clear: left;float: left;margin-bottom: 1em;margin-right: 1em\" href=\"http:\/\/a32.ac-images.myspacecdn.com\/images01\/76\/l_0fabac0d85ef7788cdc17580c96ecb9f.jpg\"><img src=\"http:\/\/a32.ac-images.myspacecdn.com\/images01\/76\/l_0fabac0d85ef7788cdc17580c96ecb9f.jpg\" width=\"400\" height=\"300\" \/><\/a><\/div>\n<div style=\"text-align: justify\">\n<p>&nbsp;<\/p>\n<p>Como \u00e9 a vida profissional\/acad\u00e9mica da Francisca Cortes\u00e3o para al\u00e9m dos \u00abalter-egos\u00bb musicais?<\/p>\n<p><span style=\"font-family: Arial,Helvetica,sans-serif\">Vida acad\u00e9mica j\u00e1 n\u00e3o tenho, terminei h\u00e1 dois anos um mestrado em Edi\u00e7\u00e3o de Texto pela FSCH da Universidade Nova de Lisboa e n\u00e3o penso voltar a estudar t\u00e3o cedo. Fora a m\u00fasica, a actividade profissional que me d\u00e1 mais gozo \u00e9 traduzir. <\/span><\/p>\n<p><b>Que nomes colocavas no teu &#8220;Festival Ideal&#8221;? (Vivos ou n\u00e3o) <\/b><\/p>\n<p>S\u00f3 vivos. Um festival muito calmo com Laura Veirs, Gillian Welch, Conor Oberst, Joanna Newsom, Andrew Bird, Beth Orton.<\/p>\n<\/div>\n<div style=\"text-align: justify\"><\/div>\n<p><iframe src=\"http:\/\/www.youtube.com\/embed\/6NzdzheG774\" width=\"480\" height=\"390\" frameborder=\"0\" allowfullscreen=\"allowfullscreen\"><\/iframe><\/p>\n<div style=\"text-align: justify\">\n<p><b><span style=\"font-family: Arial,Helvetica,sans-serif\">Est\u00e1s neste momento a lan\u00e7ar, mais uma vez com o apadrinhamento do Henrique Amaro e da Antena 3, o projecto &#8220;They&#8217;re Heading West&#8221;. Queres explicar a ideia e o rumo que pretendem tomar?<\/span><\/b><\/p>\n<p><span style=\"font-family: Arial,Helvetica,sans-serif\">O rumo \u00e9 oeste! A banda foi formada com o intuito de ir tocar \u00e0 Costa Oeste dos EUA e Canad\u00e1. Sempre quis ir tocar a essa parte do mundo, que \u00e9 de onde vem quase toda a cultura que consumo. E muito melhor do que ir sozinha tocar as minhas can\u00e7\u00f5es \u00e9 ir com tr\u00eas amigos \u2013 o S\u00e9rgio Nascimento, o Jo\u00e3o Correia e a Mariana Ricardo \u2013 e tocar can\u00e7\u00f5es de todos. Vamos, se tudo correr bem, em Setembro. At\u00e9 l\u00e1, e desde Fevereiro, que foi quando cri\u00e1mos esta ideia de They\u2019re Heading West estamos a fazer um concerto por m\u00eas no bar da Barraca, em Lisboa, sempre com uma banda ou artista convidado. O Henrique Amaro convidou-nos para gravar um \u201cconcerto de bolso\u201d para a Antena 3 e da\u00ed resultou uma esp\u00e9cie de EP de seis m\u00fasicas, duas minhas (de Minta), duas da Mariana e duas do Jo\u00e3o (de Julie &amp; The Carjackers).<\/span><\/p>\n<\/div>\n<p><\/p>\n<div style=\"text-align: justify\">\n<p><b><span style=\"font-family: Arial,Helvetica,sans-serif\">Quando olhas para ti consegues dizer: &#8220;este vai ser o meu plano de carreira&#8221;, ou entendes a cria\u00e7\u00e3o sobretudo como frui\u00e7\u00e3o? <\/span><\/b><\/p>\n<p><span style=\"font-family: Arial,Helvetica,sans-serif\">N\u00e3o consigo pensar \u201ceste vai ser o meu plano de carreira\u201d, mas porque em geral n\u00e3o consigo pensar a longo prazo. As coisas tem vindo a acontecer, primeiro Casino, depois Minta &amp; The Brook Trout, tocar com o David Fonseca, They\u2019re Heading West, tocar com o B Fachada. Vou andando e vendo, sem fazer grandes planos. Para j\u00e1 est\u00e1 a funcionar bem!<\/span><\/p>\n<\/div>\n<div style=\"text-align: justify\"><\/div>\n<p><iframe src=\"http:\/\/www.youtube.com\/embed\/aMhOFFFHVA8\" width=\"480\" height=\"390\" frameborder=\"0\" allowfullscreen=\"allowfullscreen\"><\/iframe><\/p>\n<div style=\"text-align: justify\">\n<p><b><span style=\"font-family: Arial,Helvetica,sans-serif\">Para terminar, qual \u00e9 a pergunta que nunca te fizeram numa entrevista e a que sempre quiseste responder?<\/span><\/b><\/p>\n<p><span style=\"font-family: Arial,Helvetica,sans-serif\">N\u00e3o fa\u00e7o ideia. \u00c9 essa a gra\u00e7a das entrevistas, n\u00e3o sou eu que penso nas perguntas! <\/span><\/p>\n<\/div>","protected":false},"excerpt":{"rendered":"<p>Francisca Cortes\u00e3o nasceu em 1983 no Porto e, desde cedo, que o seu gosto pela m\u00fasica despertou. Ainda n\u00e3o muito conhecida do grande p\u00fablico, a verdade \u00e9 que o seu \u00e1lbum de estreia enquanto singer-songwriter atrav\u00e9s do projecto \u00abMinta &amp; The Brook Trout\u00bb (dispon\u00edvel disco especial ao vivo AQUI) alcan\u00e7ou excelentes cr\u00edticas nos media especializados,<\/p>","protected":false},"author":1,"featured_media":1777,"comment_status":"open","ping_status":"open","sticky":false,"template":"","format":"standard","meta":[],"categories":[25],"tags":[52],"_links":{"self":[{"href":"https:\/\/www.ecletismomusical.pt\/en\/wp-json\/wp\/v2\/posts\/394"}],"collection":[{"href":"https:\/\/www.ecletismomusical.pt\/en\/wp-json\/wp\/v2\/posts"}],"about":[{"href":"https:\/\/www.ecletismomusical.pt\/en\/wp-json\/wp\/v2\/types\/post"}],"author":[{"embeddable":true,"href":"https:\/\/www.ecletismomusical.pt\/en\/wp-json\/wp\/v2\/users\/1"}],"replies":[{"embeddable":true,"href":"https:\/\/www.ecletismomusical.pt\/en\/wp-json\/wp\/v2\/comments?post=394"}],"version-history":[{"count":2,"href":"https:\/\/www.ecletismomusical.pt\/en\/wp-json\/wp\/v2\/posts\/394\/revisions"}],"predecessor-version":[{"id":1912,"href":"https:\/\/www.ecletismomusical.pt\/en\/wp-json\/wp\/v2\/posts\/394\/revisions\/1912"}],"wp:featuredmedia":[{"embeddable":true,"href":"https:\/\/www.ecletismomusical.pt\/en\/wp-json\/wp\/v2\/media\/1777"}],"wp:attachment":[{"href":"https:\/\/www.ecletismomusical.pt\/en\/wp-json\/wp\/v2\/media?parent=394"}],"wp:term":[{"taxonomy":"category","embeddable":true,"href":"https:\/\/www.ecletismomusical.pt\/en\/wp-json\/wp\/v2\/categories?post=394"},{"taxonomy":"post_tag","embeddable":true,"href":"https:\/\/www.ecletismomusical.pt\/en\/wp-json\/wp\/v2\/tags?post=394"}],"curies":[{"name":"wp","href":"https:\/\/api.w.org\/{rel}","templated":true}]}}