{"id":395,"date":"2011-04-11T18:38:00","date_gmt":"2011-04-11T18:38:00","guid":{"rendered":"https:\/\/ecletismomusical.pt\/new-album-adriana-o-que-tinha-de-ser\/"},"modified":"2011-04-11T18:38:00","modified_gmt":"2011-04-11T18:38:00","slug":"new-album-adriana-o-que-tinha-de-ser","status":"publish","type":"post","link":"https:\/\/www.ecletismomusical.pt\/en\/new-album-adriana-o-que-tinha-de-ser\/","title":{"rendered":"[New Album] Adriana &#8211; O Que Tinha de Ser"},"content":{"rendered":"<div style=\"clear: both;text-align: center\"><a href=\"http:\/\/1.bp.blogspot.com\/-gXhsR46YZds\/TaMvUAC5dUI\/AAAAAAAAAKQ\/m1vRNIQuTkU\/s1600\/oquetinhadeser_adriana.jpg\" style=\"clear: left;float: left;margin-bottom: 1em;margin-right: 1em\"><img src=\"http:\/\/1.bp.blogspot.com\/-gXhsR46YZds\/TaMvUAC5dUI\/AAAAAAAAAKQ\/m1vRNIQuTkU\/s1600\/oquetinhadeser_adriana.jpg\" \/><\/a><\/div>\n<p><\/p>\n<div style=\"text-align: justify\"><span style=\"font-family: Arial,Helvetica,sans-serif\"><br \/>Em tempos de regresso do FMI a Portugal, a tristemente famosa corrente de opini\u00e3o dominante, de que, em Portugal, s\u00f3 existem artistas med\u00edocres e onde s\u00f3&nbsp; sobra espa\u00e7o para a falta (question\u00e1vel) de bom gosto e de classe, vive dias de gl\u00f3ria. No entanto, aqui no <b>Eclectismo Musical<\/b> sempre se acreditou, defendeu e divulgou o contr\u00e1rio! Na verdade, existem muit\u00edssimos artistas portugueses com elevado potencial, sendo que, nem todos t\u00eam a sorte, a dedica\u00e7\u00e3o e as possibilidades de transformar esse potencial em algo de relevo.<\/span><\/div>\n<p><\/p>\n<div style=\"clear: both;text-align: center\"><a href=\"http:\/\/4.bp.blogspot.com\/-_dKzoW3wid0\/TaCK5dLaMVI\/AAAAAAAAWPI\/UdpEDq_qNI8\/s320\/Adriana.jpg\" style=\"clear: left;float: left;margin-bottom: 1em;margin-right: 1em\"><img height=\"213\" src=\"http:\/\/4.bp.blogspot.com\/-_dKzoW3wid0\/TaCK5dLaMVI\/AAAAAAAAWPI\/UdpEDq_qNI8\/s320\/Adriana.jpg\" width=\"320\" \/><\/a><\/div>\n<div style=\"text-align: justify\"><\/div>\n<div style=\"font-family: Arial,Helvetica,sans-serif;text-align: justify\">Ora, <a href=\"http:\/\/www.adriana.com.pt\/\">Adriana<\/a>, felizmente teve tudo isto e o seu segundo \u00e1lbum <a href=\"http:\/\/www.adriana.com.pt\/\"><b>\u00abO Que Tinha de Ser\u00bb<\/b><\/a> \u00e9 do mais fino recorte art\u00edstico, configurando-se obrigatoriamente como <b>um dos melhores \u00e1lbuns de 2011.<\/b><\/div>\n<p><iframe allowfullscreen=\"\" frameborder=\"0\" height=\"390\" src=\"http:\/\/www.youtube.com\/embed\/Ho9TX_OStWg\" width=\"480\"><\/iframe><\/p>\n<div style=\"text-align: justify\"><span style=\"font-family: Arial,Helvetica,sans-serif\"><a href=\"http:\/\/www.adriana.com.pt\/\"><br \/>Adriana<\/a>, que \u00e9 filha do grande divulgador do Jazz em Portugal &#8211; <b>Jos\u00e9 Duarte<\/b> &#8211; desde cedo conviveu com um gosto musical apurado e isso influenciou&nbsp; marcadamente o seu crescimento. Este <b>\u00abO Que Tinha de Ser\u00bb<\/b> apresenta uma <a href=\"http:\/\/www.adriana.com.pt\/\">Adriana<\/a> muit\u00edssimo mais madura e segura do seu percurso criativo e art\u00edstico em rela\u00e7\u00e3o a <b>\u00abAdriana\u00bb, o seu \u00e1lbum de estreia, gravado nos Estados Unidos em 2009.<\/b><\/span><\/div>\n<p> <iframe allowfullscreen=\"\" frameborder=\"0\" height=\"390\" src=\"http:\/\/www.youtube.com\/embed\/6QA1LhHToOE\" width=\"480\"><\/iframe><\/p>\n<div style=\"text-align: justify\"><span style=\"font-family: Arial,Helvetica,sans-serif\"><br \/>Artista completa &#8211; comp\u00f5e, escreve as letras, interpreta e ainda toca piano, guitarra e flauta, o seu instrumento de forma\u00e7\u00e3o &#8211; deambulando por entre o <b>Pop Jazz e a World Music<\/b>.<\/span> <span style=\"font-family: Arial,Helvetica,sans-serif\">Cantando, pela primeira vez, m\u00fasicas de outros autores e escolhendo ,como n\u00e3o podia deixar de ser, os grandes: \u00abO Que Tinha de Ser\u00bb de Vinicius de Moraes e Ant\u00f3nio Carlos Jobim e \u00abAc\u00e9rcate M\u00e1s\u00bb de Osvaldo Farr\u00e9s.<\/span><\/div>\n<div style=\"text-align: justify\"><\/div>\n<div style=\"text-align: justify\"><\/div>\n<p><iframe allowfullscreen=\"\" frameborder=\"0\" height=\"390\" src=\"http:\/\/www.youtube.com\/embed\/A-dL0SkCwNk\" width=\"480\"><\/iframe><\/p>\n<div style=\"text-align: justify\"><\/div>\n<div style=\"font-family: Arial,Helvetica,sans-serif;text-align: justify\">Em 2002, estando em Paris, participa numa audi\u00e7\u00e3o integrada na <b>Berklee World Scholarship Tour<\/b>, que tem como objectivo seleccionar, a n\u00edvel mundial, novos talentos na \u00e1rea da m\u00fasica. Foi-lhe ent\u00e3o atribu\u00edda uma bolsa para estudar na <b>Berklee College Of Music, em Boston<\/b>, onde se forma com distin\u00e7\u00e3o, em 2005, e onde, evolui significativamente enquanto cantora e \u00abser musical\u00bb. <b>Mais um enorme talento nacional a acompanhar!<\/b><\/div>","protected":false},"excerpt":{"rendered":"<p>Em tempos de regresso do FMI a Portugal, a tristemente famosa corrente de opini\u00e3o dominante, de que, em Portugal, s\u00f3 existem artistas med\u00edocres e onde s\u00f3&nbsp; sobra espa\u00e7o para a falta (question\u00e1vel) de bom gosto e de classe, vive dias de gl\u00f3ria. No entanto, aqui no Eclectismo Musical sempre se acreditou, defendeu e divulgou o<\/p>","protected":false},"author":1,"featured_media":0,"comment_status":"open","ping_status":"open","sticky":false,"template":"","format":"standard","meta":[],"categories":[1],"tags":[],"_links":{"self":[{"href":"https:\/\/www.ecletismomusical.pt\/en\/wp-json\/wp\/v2\/posts\/395"}],"collection":[{"href":"https:\/\/www.ecletismomusical.pt\/en\/wp-json\/wp\/v2\/posts"}],"about":[{"href":"https:\/\/www.ecletismomusical.pt\/en\/wp-json\/wp\/v2\/types\/post"}],"author":[{"embeddable":true,"href":"https:\/\/www.ecletismomusical.pt\/en\/wp-json\/wp\/v2\/users\/1"}],"replies":[{"embeddable":true,"href":"https:\/\/www.ecletismomusical.pt\/en\/wp-json\/wp\/v2\/comments?post=395"}],"version-history":[{"count":0,"href":"https:\/\/www.ecletismomusical.pt\/en\/wp-json\/wp\/v2\/posts\/395\/revisions"}],"wp:attachment":[{"href":"https:\/\/www.ecletismomusical.pt\/en\/wp-json\/wp\/v2\/media?parent=395"}],"wp:term":[{"taxonomy":"category","embeddable":true,"href":"https:\/\/www.ecletismomusical.pt\/en\/wp-json\/wp\/v2\/categories?post=395"},{"taxonomy":"post_tag","embeddable":true,"href":"https:\/\/www.ecletismomusical.pt\/en\/wp-json\/wp\/v2\/tags?post=395"}],"curies":[{"name":"wp","href":"https:\/\/api.w.org\/{rel}","templated":true}]}}