{"id":396,"date":"2011-04-11T14:13:00","date_gmt":"2011-04-11T14:13:00","guid":{"rendered":"https:\/\/ecletismomusical.pt\/ludovico-einaudi-the-royal-albert-hall-concert\/"},"modified":"2011-04-11T14:13:00","modified_gmt":"2011-04-11T14:13:00","slug":"ludovico-einaudi-the-royal-albert-hall-concert","status":"publish","type":"post","link":"https:\/\/www.ecletismomusical.pt\/en\/ludovico-einaudi-the-royal-albert-hall-concert\/","title":{"rendered":"Ludovico Einaudi &#8211; The Royal Albert Hall Concert"},"content":{"rendered":"<div style=\"clear: both;text-align: center\"><\/div>\n<div style=\"clear: both;text-align: center\"><a href=\"http:\/\/1.bp.blogspot.com\/-FNaRsVOWkOU\/TaMIkEUo_PI\/AAAAAAAAAKM\/fAVNlNrAcKs\/s1600\/Ludovico+Einaudi+-+The+Royal+Albert+Hall+Concert+%255B2+CD%255D+%25282010%2529.jpg\" style=\"clear: left;float: left;margin-bottom: 1em;margin-right: 1em\"><img height=\"320\" src=\"http:\/\/1.bp.blogspot.com\/-FNaRsVOWkOU\/TaMIkEUo_PI\/AAAAAAAAAKM\/fAVNlNrAcKs\/s320\/Ludovico+Einaudi+-+The+Royal+Albert+Hall+Concert+%255B2+CD%255D+%25282010%2529.jpg\" width=\"320\" \/><\/a><\/div>\n<p><a href=\"http:\/\/ecx.images-amazon.com\/images\/I\/31dftULf73L._SS400_.jpg\" style=\"clear: left;float: left;margin-bottom: 1em;margin-right: 1em\"><br \/><\/a><\/p>\n<p><span style=\"font-family: Arial,Helvetica,sans-serif\"><b><a href=\"http:\/\/www.einaudiwebsite.com\/%20\"><br \/><\/a><\/b><\/span><\/p>\n<div style=\"text-align: justify\"><span style=\"font-family: Arial,Helvetica,sans-serif\"><b><a href=\"http:\/\/www.einaudiwebsite.com\/%20\">Ludovico Einaudi<\/a><\/b> \u00e9 um dos melhores compositores e pianistas da m\u00fasica cl\u00e1ssica contempor\u00e2nea. Apelidado por vezes do \u00abhomem do piano que fala\u00bb. <b>Einaudi<\/b> tem consolidado a sua carreira atrav\u00e9s de longas e dedicadas digress\u00f5es esgotando as maiores e mais respeitadas salas da Europa. Recentemente, foi lan\u00e7ado este live album <b>\u00abThe Royal Albert Hall Concert\u00bb<\/b> que \u00e9 uma excelente porta de entrada para todos os que querem conhecer a genialidade deste compositor italiano, servindo igualmente de resumo de carreira e de consagra\u00e7\u00e3o para os seus fieis apreciadores de sempre&nbsp; numa edi\u00e7\u00e3o especial composta por 2CD e DVD.<\/span><\/div>\n<p><span style=\"font-family: Arial,Helvetica,sans-serif\"><iframe allowfullscreen=\"\" frameborder=\"0\" height=\"390\" src=\"http:\/\/www.youtube.com\/embed\/X1DRDcGlSsE\" width=\"480\"><\/iframe><\/span><\/p>\n<div style=\"text-align: justify\"><span style=\"font-family: Arial,Helvetica,sans-serif\"><br \/>A calma, a contempla\u00e7\u00e3o, a mestria est\u00e3o aqui largamente presentes e merecem os rasgados aplausos da plateia. O p\u00fablico portugu\u00eas vai ter oportunidade de assistir ao vivo a este concerto, no <b>dia 15 de Abril, no Centro Cultural Olga Cadaval em Sintra<\/b>, num espect\u00e1culo a n\u00e3o perder!<br \/><\/span><\/div>\n<p><iframe allowfullscreen=\"\" frameborder=\"0\" height=\"390\" src=\"http:\/\/www.youtube.com\/embed\/lnjcM_6Vdwk\" width=\"480\"><\/iframe><\/p>","protected":false},"excerpt":{"rendered":"<p>Ludovico Einaudi \u00e9 um dos melhores compositores e pianistas da m\u00fasica cl\u00e1ssica contempor\u00e2nea. Apelidado por vezes do \u00abhomem do piano que fala\u00bb. Einaudi tem consolidado a sua carreira atrav\u00e9s de longas e dedicadas digress\u00f5es esgotando as maiores e mais respeitadas salas da Europa. Recentemente, foi lan\u00e7ado este live album \u00abThe Royal Albert Hall Concert\u00bb que<\/p>","protected":false},"author":1,"featured_media":0,"comment_status":"open","ping_status":"open","sticky":false,"template":"","format":"standard","meta":[],"categories":[1],"tags":[],"_links":{"self":[{"href":"https:\/\/www.ecletismomusical.pt\/en\/wp-json\/wp\/v2\/posts\/396"}],"collection":[{"href":"https:\/\/www.ecletismomusical.pt\/en\/wp-json\/wp\/v2\/posts"}],"about":[{"href":"https:\/\/www.ecletismomusical.pt\/en\/wp-json\/wp\/v2\/types\/post"}],"author":[{"embeddable":true,"href":"https:\/\/www.ecletismomusical.pt\/en\/wp-json\/wp\/v2\/users\/1"}],"replies":[{"embeddable":true,"href":"https:\/\/www.ecletismomusical.pt\/en\/wp-json\/wp\/v2\/comments?post=396"}],"version-history":[{"count":0,"href":"https:\/\/www.ecletismomusical.pt\/en\/wp-json\/wp\/v2\/posts\/396\/revisions"}],"wp:attachment":[{"href":"https:\/\/www.ecletismomusical.pt\/en\/wp-json\/wp\/v2\/media?parent=396"}],"wp:term":[{"taxonomy":"category","embeddable":true,"href":"https:\/\/www.ecletismomusical.pt\/en\/wp-json\/wp\/v2\/categories?post=396"},{"taxonomy":"post_tag","embeddable":true,"href":"https:\/\/www.ecletismomusical.pt\/en\/wp-json\/wp\/v2\/tags?post=396"}],"curies":[{"name":"wp","href":"https:\/\/api.w.org\/{rel}","templated":true}]}}