{"id":397,"date":"2011-04-08T15:28:00","date_gmt":"2011-04-08T15:28:00","guid":{"rendered":"https:\/\/ecletismomusical.pt\/entrevista-ana-free\/"},"modified":"2018-06-10T00:24:34","modified_gmt":"2018-06-10T00:24:34","slug":"entrevista-ana-free","status":"publish","type":"post","link":"https:\/\/www.ecletismomusical.pt\/en\/entrevista-ana-free\/","title":{"rendered":"[ENTREVISTA] Ana Free (2011)"},"content":{"rendered":"<div style=\"clear: both;text-align: center\"><\/div>\n<div style=\"clear: both;text-align: center\"><\/div>\n<div style=\"text-align: justify\"><a style=\"clear: left;float: left;margin-bottom: 1em;margin-right: 1em\" href=\"http:\/\/upload.wikimedia.org\/wikipedia\/commons\/thumb\/7\/73\/Anafree.jpg\/220px-Anafree.jpg\"><img src=\"http:\/\/upload.wikimedia.org\/wikipedia\/commons\/thumb\/7\/73\/Anafree.jpg\/220px-Anafree.jpg\" width=\"214\" height=\"320\" \/><\/a><span style=\"font-family: Arial,Helvetica,sans-serif\"><b>Ana Gomes Ferreira<\/b> nasceu em Cascais, filha de pai portugu\u00eas e m\u00e3e inglesa e cedo come\u00e7ou a estudar numa escola internacional o que lhe conferiu um excelente n\u00edvel de ingl\u00eas. Apesar de ser licenciada em Economia, Ana, &#8211; Free &#8211;\u00a0 de nome art\u00edstico, \u00e9 um fen\u00f3meno musical <b>nascido em 2007 no Youtube<\/b> (tendo quase <b>3 milh\u00f5es de visualiza\u00e7\u00f5es<\/b>) e dedica-se neste momento por inteiro \u00e0 sua carreira vivendo em Londres.\u00a0<\/span><\/div>\n<div style=\"text-align: justify\"><span style=\"font-family: Arial,Helvetica,sans-serif\">\u00a0<\/span><\/div>\n<div style=\"font-family: Arial,Helvetica,sans-serif;text-align: justify\">Desde 2008 que o n\u00famero de visualiza\u00e7\u00f5es dos seus v\u00eddeos, garantiam-lhe a visibilidade necess\u00e1ria para ter uma carreira. no mundo da m\u00fasica, tendo j\u00e1 participado em in\u00fameros programas de R\u00e1dio, Televis\u00e3o e Festivais de M\u00fasica.<\/div>\n<div style=\"text-align: justify\"><\/div>\n<div style=\"text-align: justify\"><span style=\"font-family: Arial,Helvetica,sans-serif\">O <b>Eclectismo Musical<\/b> acompanha o percurso desta jovem desde 2007 e esteve recentemente \u00e0 conversa com <b>Ana Free<\/b> para a ficarmos a conhecer melhor.<\/span><\/div>\n<div style=\"text-align: justify\"><\/div>\n<p><b><span style=\"font-family: Arial,Helvetica,sans-serif;font-size: small\">\u00a0<\/span><\/b><\/p>\n<div style=\"text-align: justify\"><b><span style=\"font-family: Arial,Helvetica,sans-serif;font-size: small\">O que pensaste no dia 7 de Janeiro de 2007 quando decidiste criar o teu canal do Youtube e fazer o upload de \u00ab<a href=\"http:\/\/www.youtube.com\/watch?v=kGWVsQEGLXo\">Strong enough to be my man!<\/a>\u00bb de Sheryl Crow e \u00ab<a href=\"http:\/\/www.youtube.com\/watch?v=-6HAoOc8x7g\">When you love someone<\/a>\u00bb de Bryan Adams?<\/span><\/b><\/div>\n<div style=\"text-align: justify\">\n<p>&nbsp;<\/p>\n<div style=\"font-family: Arial,Helvetica,sans-serif;font-style: normal;font-variant: normal;font-weight: normal;line-height: normal;margin: 0px;text-align: justify\"><b>\u00a0<\/b><\/div>\n<p>&nbsp;<\/p>\n<\/div>\n<div><\/div>\n<p>&nbsp;<\/p>\n<div style=\"font: 13px Arial;margin: 0px\">\n<div style=\"text-align: justify\"><span style=\"border-collapse: separate;color: black;font-family: 'Times New Roman';font-size: small;font-style: normal;font-variant: normal;font-weight: normal;letter-spacing: normal;line-height: normal;text-indent: 0px;text-transform: none\"><span style=\"border-collapse: collapse;font-family: arial,sans-serif;font-size: 13px\"><span style=\"border-collapse: separate;color: black;font-family: 'Times New Roman';font-size: small;font-style: normal;font-variant: normal;font-weight: normal;letter-spacing: normal;line-height: normal;text-indent: 0px;text-transform: none\"><span style=\"border-collapse: collapse;font-family: arial,sans-serif;font-size: 13px\"><span style=\"font-family: Arial,Helvetica,sans-serif\"><b>Ana Free<\/b>:<\/span><\/span><\/span><\/span><\/span><span style=\"font-family: Arial,Helvetica,sans-serif\"> N\u00e3o foi nada al\u00e9m de um momento divertido para mim. Foi muito inocente, n\u00e3o tive expectativas de nada e n\u00e3o esperei que tivesse tanto impacto!<\/span><\/div>\n<p>&nbsp;<\/p>\n<\/div>\n<p><iframe src=\"http:\/\/www.youtube.com\/embed\/kGWVsQEGLXo\" width=\"480\" height=\"390\" frameborder=\"0\" allowfullscreen=\"allowfullscreen\"><\/iframe><\/p>\n<div style=\"font: 13px Arial;margin: 0px\"><\/div>\n<p>&nbsp;<\/p>\n<div>\n<div style=\"font: 13px Arial;margin: 0px;min-height: 15px;text-align: justify\"><\/div>\n<div style=\"font: 13px Arial;margin: 0px;text-align: justify\"><b>Um dia depois fizeste o Upload de \u00abQuestions In My Mind\u00bb que conta com mais de 700 mil visualiza\u00e7\u00f5es e que \u00e9 o teu primeiro grande sucesso. Nesse momento era prazer, aposta ou estrat\u00e9gia planeada a forma como encaravas esses videos?<\/b><\/div>\n<div style=\"font: 13px Arial;margin: 0px\"><b>\u00a0<\/b><\/div>\n<div style=\"font: 13px Arial;margin: 0px;min-height: 15px;text-align: justify\">\n<div style=\"text-align: justify\">\n<p>&nbsp;<\/p>\n<div style=\"font-family: Arial,Helvetica,sans-serif;font-style: normal;font-variant: normal;font-weight: normal;line-height: normal;margin: 0px;text-align: justify\"><span style=\"font-family: Arial,Helvetica,sans-serif\"><b>Ana Free<\/b>:<\/span> Nesse momento, o pensamento foi como ainda \u00e9 hoje em dia. Publico os v\u00eddeos que mais gosto e as m\u00fasicas que escrevo com a inten\u00e7\u00e3o de partilh\u00e1-las com o mundo. Acho que h\u00e1 um certo m\u00e9todo para tudo mas nunca chega a ser algo premeditado.<\/div>\n<p>&nbsp;<\/p>\n<\/div>\n<\/div>\n<\/div>\n<p>&nbsp;<\/p>\n<div style=\"text-align: justify\"><span style=\"border-collapse: separate;color: black;font-family: 'Times New Roman';font-size: small;font-style: normal;font-variant: normal;font-weight: normal;letter-spacing: normal;line-height: normal;text-indent: 0px;text-transform: none\"><span style=\"border-collapse: collapse;font-family: arial,sans-serif;font-size: 13px\"><iframe src=\"http:\/\/www.youtube.com\/embed\/OYx_mMejCHk\" width=\"480\" height=\"390\" frameborder=\"0\" allowfullscreen=\"allowfullscreen\"><\/iframe><\/span><\/span><\/div>\n<div style=\"text-align: justify\"><\/div>\n<p>&nbsp;<\/p>\n<div>\n<div style=\"font: 13px Arial;margin: 0px;min-height: 15px;text-align: justify\"><\/div>\n<div style=\"font: 13px Arial;margin: 0px;text-align: justify\"><b>Em Mar\u00e7o de 2007, o Eclectismo Musical fazia um post (<\/b><a href=\"http:\/\/eclectismomusical.blogspot.com\/2007\/03\/free-world.html\" target=\"_blank\"><span style=\"text-decoration: underline\"><b>http:\/\/ecletismomusical.blogspot.com\/2007\/03\/free-world.html<\/b><\/span><\/a><b>) onde chamava a aten\u00e7\u00e3o para um novo fen\u00f3meno a que deu curiosamente o nome de \u00abFree (World)\u00bb, quatro anos depois, que balan\u00e7o fazes de tudo o que aconteceu na tua carreira?<\/b><\/div>\n<div style=\"font: 13px Arial;margin: 0px;min-height: 15px\"><\/div>\n<div style=\"font: 13px Arial;margin: 0px;min-height: 15px\"><span style=\"border-collapse: separate;color: black;font-family: 'Times New Roman';font-size: small;font-style: normal;font-variant: normal;font-weight: normal;letter-spacing: normal;line-height: normal;text-indent: 0px;text-transform: none\"><span style=\"border-collapse: collapse;font-family: arial,sans-serif;font-size: 13px\"><span style=\"border-collapse: separate;color: black;font-family: 'Times New Roman';font-size: small;font-style: normal;font-variant: normal;font-weight: normal;letter-spacing: normal;line-height: normal;text-indent: 0px;text-transform: none\"><span style=\"border-collapse: collapse;font-family: arial,sans-serif;font-size: 13px\"><span style=\"font-family: Arial,Helvetica,sans-serif\"><b>Ana Free:<\/b> <\/span><\/span><\/span><\/span><\/span>Estou contente com a minha vida agora, tenho sonhos muito grandes por isso tenho a certeza que as coisas n\u00e3o v\u00e3o ficar por aqui. Ainda tenho muito mais para aprender e escrever!<\/div>\n<\/div>\n<div style=\"clear: both;text-align: center\"><a style=\"clear: left;float: left;margin-bottom: 1em;margin-right: 1em\" href=\"http:\/\/www.anafreemusic.com\/images\/stories\/ana_free\/wallpapers\/Wall5_1024x768.jpg\"><img src=\"http:\/\/www.anafreemusic.com\/images\/stories\/ana_free\/wallpapers\/Wall5_1024x768.jpg\" width=\"400\" height=\"300\" \/><\/a><\/div>\n<div>\n<div style=\"font: 13px Arial;margin: 0px;min-height: 15px\"><\/div>\n<div style=\"font: 13px Arial;margin: 0px;min-height: 15px\"><\/div>\n<div style=\"font: 13px Arial;margin: 0px\">\n<p><b>\u00a0<\/b><\/p>\n<div style=\"text-align: justify\">\n<p>&nbsp;<\/p>\n<p>\u00abChained\u00bb foi a tua primeira m\u00fasica a ter mais de 1 Milh\u00e3o de visualiza\u00e7\u00f5es no Youtube, composta aos 16 anos esta era a tua forma de comunicar com o mundo? Desde quando \u00e9 que sentes uma vontade, diria, quase compulsiva de criar m\u00fasicas e que te faz ter v\u00e1rias centenas de originais?<\/p>\n<p>Ana Free: Quando tinha 16 anos o meu mundo era uma mistura de emo\u00e7\u00f5es e experi\u00eancias. Por um lado, vivia num ambiente muito est\u00e1vel, tinha a minha vida familiar, escolar e havia um rotina. Por outro lado, estava a descobrir o meu rumo pessoal, a tentar encontrar as minhas identidades na vida. Sempre escrevi sobre as minhas experi\u00eancias, \u00e9 uma coisa que sempre me veio naturalmente.<\/p>\n<p><iframe src=\"http:\/\/www.youtube.com\/embed\/_6ceUy9lVdM\" width=\"480\" height=\"390\" frameborder=\"0\" allowfullscreen=\"allowfullscreen\"><\/iframe><\/p>\n<\/div>\n<p>&nbsp;<\/p>\n<div>\n<div style=\"font: 13px Arial;margin: 0px;min-height: 15px\"><\/div>\n<div style=\"font: 13px Arial;margin: 0px;min-height: 15px\"><\/div>\n<div style=\"font: 13px Arial;margin: 0px;text-align: justify\"><b>Recentemente estiveste no Brasil onde participaste no DVD da dulpa \u00abClaus e Vanessa\u00bb, como foi a experi\u00eancia?<\/b><\/div>\n<div style=\"font: 13px Arial;margin: 0px\"><b>\u00a0<\/b><\/div>\n<div style=\"font: 13px Arial;margin: 0px;min-height: 15px;text-align: justify\"><span style=\"border-collapse: separate;color: black;font-family: 'Times New Roman';font-size: small;font-style: normal;font-variant: normal;font-weight: normal;letter-spacing: normal;line-height: normal;text-indent: 0px;text-transform: none\"><span style=\"border-collapse: collapse;font-family: arial,sans-serif;font-size: 13px\"><span style=\"border-collapse: separate;color: black;font-family: 'Times New Roman';font-size: small;font-style: normal;font-variant: normal;font-weight: normal;letter-spacing: normal;line-height: normal;text-indent: 0px;text-transform: none\"><span style=\"border-collapse: collapse;font-family: arial,sans-serif;font-size: 13px\"><span style=\"font-family: Arial,Helvetica,sans-serif\"><b>Ana Free:<\/b> <\/span><\/span><\/span><\/span><\/span>A experi\u00eancia foi incr\u00edvel. Adorei estar com o Claus e a Vanessa, trabalhar com a equipa toda e conhecer o Brasil. Fui sozinha, e como tenho medo de andar de avi\u00e3o, passar quase 12 horas sozinha no ar foi uma pequena vitoria para ajudar a superar esse medo! Como n\u00e3o tinha ningu\u00e9m que conhecesse comigo, tive que me orientar e habituar rapidamente e dar a volta \u00e0 ansiedade da viajem e do projecto. Adorei, e repetia tudo outra vez se pudesse!<\/div>\n<\/div>\n<p>&nbsp;<\/p>\n<div style=\"text-align: justify\"><span style=\"border-collapse: separate;color: black;font-family: 'Times New Roman';font-size: small;font-style: normal;font-variant: normal;font-weight: normal;letter-spacing: normal;line-height: normal;text-indent: 0px;text-transform: none\"><span style=\"border-collapse: collapse;font-family: arial,sans-serif;font-size: 13px\"><iframe src=\"http:\/\/www.youtube.com\/embed\/NuBDH3oE9w4\" width=\"480\" height=\"390\" frameborder=\"0\" allowfullscreen=\"allowfullscreen\"><\/iframe><\/span><\/span><\/div>\n<p>&nbsp;<\/p>\n<div style=\"font: 13px Arial;margin: 0px\"><b>\u00a0<\/b><\/div>\n<div style=\"font: 13px Arial;margin: 0px\">\n<p><b>\u00a0<\/b><\/p>\n<div style=\"text-align: justify\"><b>Qual \u00e9 a ordem do teu processo criativo? Tens um m\u00e9todo ou varia consoante o momento?<\/b><\/div>\n<\/div>\n<p>&nbsp;<\/p>\n<div style=\"font: 13px Arial;margin: 0px;min-height: 15px\"><\/div>\n<p>&nbsp;<\/p>\n<div style=\"text-align: justify\">\n<p>&nbsp;<\/p>\n<div style=\"font: 13px Arial;margin: 0px\"><span style=\"border-collapse: separate;color: black;font-family: 'Times New Roman';font-size: small;font-style: normal;font-variant: normal;font-weight: normal;letter-spacing: normal;line-height: normal;text-indent: 0px;text-transform: none\"><span style=\"border-collapse: collapse;font-family: arial,sans-serif;font-size: 13px\"><span style=\"border-collapse: separate;color: black;font-family: 'Times New Roman';font-size: small;font-style: normal;font-variant: normal;font-weight: normal;letter-spacing: normal;line-height: normal;text-indent: 0px;text-transform: none\"><span style=\"border-collapse: collapse;font-family: arial,sans-serif;font-size: 13px\"><span style=\"font-family: Arial,Helvetica,sans-serif\"><b>Ana Free:<\/b> <\/span><\/span><\/span><\/span><\/span>Esta pergunta \u00e9 sempre um bocado dif\u00edcil porque a resposta nunca \u00e9 muito concreta. Quando era mais nova, e a minha vida tinha mais rotina de estar em casa e andar na escola, o processo criativo partia sempre da guitarra. Tocava uns acordes e cantava o que me vinha \u00e0 cabe\u00e7a. Hoje em dia, como viajo muito, \u00e9 mais dif\u00edcil encontrar essa tal estabilidade e por isso agora tenho que encontrar maneiras mais criativas de escrever e compor como por exemplo, gravar uma ideia no telem\u00f3vel ou escrever a letra e depois a m\u00fasica.<\/div>\n<p>&nbsp;<\/p>\n<\/div>\n<p>&nbsp;<\/p>\n<div>\n<div style=\"font: 13px Arial;margin: 0px\">\n<p><b>\u00a0<\/b><\/p>\n<div style=\"text-align: justify\"><b>Como \u00e9 a vida profissional\/acad\u00e9mica\u00a0da Ana Ferreira para al\u00e9m da Ana Free?\u00a0<\/b><\/div>\n<\/div>\n<div style=\"font: 13px Arial;margin: 0px;min-height: 15px\"><\/div>\n<\/div>\n<p>&nbsp;<\/p>\n<div style=\"text-align: justify\">\n<p>&nbsp;<\/p>\n<div style=\"font: 13px Arial;margin: 0px\">\n<p><span style=\"border-collapse: separate;color: black;font-family: 'Times New Roman';font-size: small;font-style: normal;font-variant: normal;font-weight: normal;letter-spacing: normal;line-height: normal;text-indent: 0px;text-transform: none\"><span style=\"border-collapse: collapse;font-family: arial,sans-serif;font-size: 13px\"><span style=\"border-collapse: separate;color: black;font-family: 'Times New Roman';font-size: small;font-style: normal;font-variant: normal;font-weight: normal;letter-spacing: normal;line-height: normal;text-indent: 0px;text-transform: none\"><span style=\"border-collapse: collapse;font-family: arial,sans-serif;font-size: 13px\"><span style=\"font-family: Arial,Helvetica,sans-serif\"><b>Ana Free:<\/b> <\/span><\/span><\/span><\/span><\/span>Gosto muito de seguir as not\u00edcias, e sou um pouco viciada em aprender. Acho que nunca vou largar esse amor pela educa\u00e7\u00e3o. Um dia quero criar uma organiza\u00e7\u00e3o para ajudar crian\u00e7as e fam\u00edlias desfavorecidas, para que eles possam ter as mesmas oportunidades e acesso a uma educa\u00e7\u00e3o decente e boa.<\/p>\n<div style=\"clear: both;text-align: center\"><a style=\"clear: left;float: left;margin-bottom: 1em;margin-right: 1em\" href=\"http:\/\/blitz.aeiou.pt\/iv\/0\/182\/538\/161d2561.jpg\"><img src=\"http:\/\/blitz.aeiou.pt\/iv\/0\/182\/538\/161d2561.jpg\" width=\"400\" height=\"265\" \/><\/a><\/div>\n<p>&nbsp;<\/p>\n<p>Que nomes colocavas no teu &#8220;festival ideal&#8221;? (Vivos ou n\u00e3o)<b><\/b><\/p>\n<p>Ana Free: Jessie J, Shakira, Aerosmith, Taylor Swift, Beyonc\u00e9, Linkin Park, Sam Cooke, Rui Veloso, Pixie Lott, Pink e Ana Free claro!<\/p>\n<p><b>Chegaste ao conhecimento das pessoas atrav\u00e9s das novas tecnologias, quais os canais que continuas a utilizar de uma forma mais activa para comunicares com os teus f\u00e3s?<\/b><b><\/b><\/p>\n<p>Ana Free: As plataformas que eu mais uso s\u00e3o:<br \/>\nO meu site oficial\u00a0<a href=\"http:\/\/www.anafreemusic.com\/\" target=\"_blank\">www.anafreemusic.com<\/a>,<br \/>\nYouTube <a href=\"http:\/\/www.youtube.com\/user\/anafree\">http:\/\/www.youtube.com\/user\/anafree<\/a><br \/>\nFacebook Fanpage <a href=\"http:\/\/www.facebook.com\/anafree\">http:\/\/www.facebook.com\/anafree<\/a><br \/>\nTwitter <a href=\"http:\/\/twitter.com\/anafree\"><cite>http:\/\/twitter.com\/anafree<br \/>\n<\/cite><\/a><\/p>\n<\/div>\n<p><a style=\"clear: left;float: left;margin-bottom: 1em;margin-right: 1em\" href=\"http:\/\/www.dosomething.pt\/fotos\/editor2\/ana_free.jpg\"><img src=\"http:\/\/www.dosomething.pt\/fotos\/editor2\/ana_free.jpg\" width=\"320\" height=\"263\" \/><\/a><\/p>\n<\/div>\n<p>&nbsp;<\/p>\n<p>&nbsp;<\/p>\n<div style=\"text-align: justify\">\n<p><b>Tens planos de carreira muito definidos? Sabes onde gostavas de chegar? <\/b><\/p>\n<p><b>Ana Free:<\/b> Os meus planos est\u00e3o cada vez mais definidos. Tenho mais no\u00e7\u00e3o daquilo que tem que ser feito para alcan\u00e7ar os meus sonhos e acredito que sem uma direc\u00e7\u00e3o concreta, \u00e9 muito dif\u00edcil chegar ao topo. Tenho o meu plano A at\u00e9 o plano Z!<\/p>\n<\/div>\n<p><iframe src=\"http:\/\/www.youtube.com\/embed\/BGH4pm-kLoc\" width=\"480\" height=\"390\" frameborder=\"0\" allowfullscreen=\"allowfullscreen\"><\/iframe><\/p>\n<div style=\"text-align: justify\">\n<p><b>Qual \u00e9 a pergunta que nunca te fizeram numa entrevista e a que sempre quiseste responder? <\/b><\/p>\n<p><b>Ana Free:<\/b> Gosto que as minhas entrevistas sejam interessantes e inovadoras e que as perguntas sejam bem pesquisadas, evitando perguntas repetidas, de maneira a aprender algo mais profundo sobre o artista. Nunca pensei em nenhuma pergunta espec\u00edfica, gosto de estar \u00e0 conversa e ver no que d\u00e1!<\/p>\n<\/div>\n<\/div>\n<\/div>\n<p>&nbsp;<\/p>","protected":false},"excerpt":{"rendered":"<p>Ana Gomes Ferreira nasceu em Cascais, filha de pai portugu\u00eas e m\u00e3e inglesa e cedo come\u00e7ou a estudar numa escola internacional o que lhe conferiu um excelente n\u00edvel de ingl\u00eas. Apesar de ser licenciada em Economia, Ana, &#8211; Free &#8211;\u00a0 de nome art\u00edstico, \u00e9 um fen\u00f3meno musical nascido em 2007 no Youtube (tendo quase 3<\/p>","protected":false},"author":1,"featured_media":1779,"comment_status":"open","ping_status":"open","sticky":false,"template":"","format":"standard","meta":[],"categories":[25],"tags":[52],"_links":{"self":[{"href":"https:\/\/www.ecletismomusical.pt\/en\/wp-json\/wp\/v2\/posts\/397"}],"collection":[{"href":"https:\/\/www.ecletismomusical.pt\/en\/wp-json\/wp\/v2\/posts"}],"about":[{"href":"https:\/\/www.ecletismomusical.pt\/en\/wp-json\/wp\/v2\/types\/post"}],"author":[{"embeddable":true,"href":"https:\/\/www.ecletismomusical.pt\/en\/wp-json\/wp\/v2\/users\/1"}],"replies":[{"embeddable":true,"href":"https:\/\/www.ecletismomusical.pt\/en\/wp-json\/wp\/v2\/comments?post=397"}],"version-history":[{"count":2,"href":"https:\/\/www.ecletismomusical.pt\/en\/wp-json\/wp\/v2\/posts\/397\/revisions"}],"predecessor-version":[{"id":1913,"href":"https:\/\/www.ecletismomusical.pt\/en\/wp-json\/wp\/v2\/posts\/397\/revisions\/1913"}],"wp:featuredmedia":[{"embeddable":true,"href":"https:\/\/www.ecletismomusical.pt\/en\/wp-json\/wp\/v2\/media\/1779"}],"wp:attachment":[{"href":"https:\/\/www.ecletismomusical.pt\/en\/wp-json\/wp\/v2\/media?parent=397"}],"wp:term":[{"taxonomy":"category","embeddable":true,"href":"https:\/\/www.ecletismomusical.pt\/en\/wp-json\/wp\/v2\/categories?post=397"},{"taxonomy":"post_tag","embeddable":true,"href":"https:\/\/www.ecletismomusical.pt\/en\/wp-json\/wp\/v2\/tags?post=397"}],"curies":[{"name":"wp","href":"https:\/\/api.w.org\/{rel}","templated":true}]}}