{"id":3971,"date":"2019-01-10T14:52:26","date_gmt":"2019-01-10T14:52:26","guid":{"rendered":"https:\/\/www.ecletismomusical.pt\/?p=3971"},"modified":"2019-01-10T14:55:13","modified_gmt":"2019-01-10T14:55:13","slug":"festival-termometro","status":"publish","type":"post","link":"https:\/\/www.ecletismomusical.pt\/en\/festival-termometro\/","title":{"rendered":"[Festival] Term\u00f3metro"},"content":{"rendered":"<img width=\"678\" height=\"960\" src=\"https:\/\/www.ecletismomusical.pt\/wp-content\/uploads\/2019\/01\/48425517_10156492531526077_3038606722454257664_n.jpg\" alt=\"\" class=\"wp-image-3972\" srcset=\"https:\/\/www.ecletismomusical.pt\/wp-content\/uploads\/2019\/01\/48425517_10156492531526077_3038606722454257664_n.jpg 678w, https:\/\/www.ecletismomusical.pt\/wp-content\/uploads\/2019\/01\/48425517_10156492531526077_3038606722454257664_n-212x300.jpg 212w\" \/>\n\n\n\n<p>No s\u00e1bado (12\/01 \u00e0s 21h30), realizar-se-\u00e1 no Cinema S\u00e3o Jorge, em Lisboa, mais uma edi\u00e7\u00e3o do Festival Term\u00f3metro. <\/p>\n\n\n\n<p>De entre os finalistas deste ano, naturalmente que o destaque especial vai para <a href=\"https:\/\/www.facebook.com\/maro.mus\/\">MARO<\/a>, o novo diamante (ainda) escondido da m\u00fasica nacional, e que j\u00e1 foi destacada no Ecletismo Musical em diversas ocasi\u00f5es (<a href=\"https:\/\/www.ecletismomusical.pt\/en\/review-maro-blanda-mistake-to-be-learned-ep\/\">Aqui<\/a>, <a href=\"https:\/\/www.ecletismomusical.pt\/en\/new-album-maro-manuel-rocha-maro-manel\/\">aqui<\/a> or <a href=\"https:\/\/www.ecletismomusical.pt\/en\/new-album-maro-its-ok\/\">aqui<\/a>).<\/p>\n\n\n\n<p>Para quem a quiser ficar a conhecer melhor, para al\u00e9m de recordar a <a href=\"https:\/\/www.ecletismomusical.pt\/en\/entrevista-maro\/\">entrevista do Ecletismo Musical<\/a>, poder\u00e1 igualmente assistir ao <a href=\"https:\/\/www.facebook.com\/pg\/ShowOnMalucoBeleza\/\">SHOW ON<\/a>.<br> <br>O <strong>SHOW ON<\/strong> (que merece que sejam ouvidos todos os programas) \u00e9 um dos melhores produtos de divulga\u00e7\u00e3o de novos talentos musicais em Portugal, conduzido pelo Marco Almeida e  nascido como segmento do Maluco Beleza de Rui Unas.<\/p>\n\n\n\n<div class=\"wp-block-embed__wrapper\">\n<iframe width=\"900\" height=\"506\" src=\"https:\/\/www.youtube.com\/embed\/kAD6F5rV73Q?feature=oembed\" frameborder=\"0\" allowfullscreen><\/iframe>\n<\/div>\n\n\n\n<p><\/p>","protected":false},"excerpt":{"rendered":"<p>No s\u00e1bado (12\/01 \u00e0s 21h30), realizar-se-\u00e1 no Cinema S\u00e3o Jorge, em Lisboa, mais uma edi\u00e7\u00e3o do Festival Term\u00f3metro. De entre os finalistas deste ano, naturalmente que o destaque especial vai para MARO, o novo diamante (ainda) escondido da m\u00fasica nacional, e que j\u00e1 foi destacada no Ecletismo Musical em diversas ocasi\u00f5es (Aqui, aqui ou aqui).<\/p>","protected":false},"author":3,"featured_media":3972,"comment_status":"open","ping_status":"open","sticky":false,"template":"","format":"standard","meta":[],"categories":[24],"tags":[271],"_links":{"self":[{"href":"https:\/\/www.ecletismomusical.pt\/en\/wp-json\/wp\/v2\/posts\/3971"}],"collection":[{"href":"https:\/\/www.ecletismomusical.pt\/en\/wp-json\/wp\/v2\/posts"}],"about":[{"href":"https:\/\/www.ecletismomusical.pt\/en\/wp-json\/wp\/v2\/types\/post"}],"author":[{"embeddable":true,"href":"https:\/\/www.ecletismomusical.pt\/en\/wp-json\/wp\/v2\/users\/3"}],"replies":[{"embeddable":true,"href":"https:\/\/www.ecletismomusical.pt\/en\/wp-json\/wp\/v2\/comments?post=3971"}],"version-history":[{"count":1,"href":"https:\/\/www.ecletismomusical.pt\/en\/wp-json\/wp\/v2\/posts\/3971\/revisions"}],"predecessor-version":[{"id":3973,"href":"https:\/\/www.ecletismomusical.pt\/en\/wp-json\/wp\/v2\/posts\/3971\/revisions\/3973"}],"wp:featuredmedia":[{"embeddable":true,"href":"https:\/\/www.ecletismomusical.pt\/en\/wp-json\/wp\/v2\/media\/3972"}],"wp:attachment":[{"href":"https:\/\/www.ecletismomusical.pt\/en\/wp-json\/wp\/v2\/media?parent=3971"}],"wp:term":[{"taxonomy":"category","embeddable":true,"href":"https:\/\/www.ecletismomusical.pt\/en\/wp-json\/wp\/v2\/categories?post=3971"},{"taxonomy":"post_tag","embeddable":true,"href":"https:\/\/www.ecletismomusical.pt\/en\/wp-json\/wp\/v2\/tags?post=3971"}],"curies":[{"name":"wp","href":"https:\/\/api.w.org\/{rel}","templated":true}]}}