{"id":398,"date":"2011-04-07T14:16:00","date_gmt":"2011-04-07T14:16:00","guid":{"rendered":"https:\/\/ecletismomusical.pt\/new-album-cuca-roseta-cuca-roseta\/"},"modified":"2011-04-07T14:16:00","modified_gmt":"2011-04-07T14:16:00","slug":"new-album-cuca-roseta-cuca-roseta","status":"publish","type":"post","link":"https:\/\/www.ecletismomusical.pt\/en\/new-album-cuca-roseta-cuca-roseta\/","title":{"rendered":"[New Album] Cuca Roseta &#8211; Cuca Roseta"},"content":{"rendered":"<div style=\"clear: both;text-align: center\"><a href=\"http:\/\/www.amalia.fm\/wp-content\/uploads\/2011\/03\/Cuca-Roseta-03.jpg\" style=\"clear: left;float: left;margin-bottom: 1em;margin-right: 1em\"><img height=\"318\" src=\"http:\/\/www.amalia.fm\/wp-content\/uploads\/2011\/03\/Cuca-Roseta-03.jpg\" width=\"320\" \/><\/a><\/div>\n<div style=\"font-family: Arial,Helvetica,sans-serif;text-align: justify\"><b><br \/>Fado<\/b>. Uma palavra muitas vezes elevada a expoente de um Pa\u00eds, muitas vezes colocada na lama e como representa\u00e7\u00e3o do bafio pol\u00edtico de anos e anos de cinzentismo. Mas, sem complexos, tal como existe o Tango, o Flamenco, a MPB, etc, <b>Portugal tem no Fado<\/b> o seu estilo musical mais representativo e existe indubitavelmente uma nova gera\u00e7\u00e3o de novos nomes de enorme qualidade. Os da velha guarda dir\u00e3o:&#8221;o Fado virou moda e perdeu-se a alma mais verdadeira, o sentimento mais profundo, a verdade mais absoluta&#8221;. <b><a href=\"http:\/\/www.myspace.com\/cuca_roseta\">Cuca (Isabel) Roseta<\/a> definir\u00e1 no seu \u00abA arte de Cuca\u00bb&nbsp; Fado como: &#8220;Verdade, Emo\u00e7\u00e3o, Como\u00e7\u00e3o, O Corpo \u00e9 o C\u00e1lice da Alma (&#8230;) Fado \u00e9 verdade&#8221;<\/b><\/div>\n<p><iframe allowfullscreen=\"\" frameborder=\"0\" height=\"390\" src=\"http:\/\/www.youtube.com\/embed\/YOVNGP-KHFQ\" width=\"480\"><\/iframe><\/p>\n<div style=\"font-family: Arial,Helvetica,sans-serif;text-align: justify\"><a href=\"http:\/\/www.myspace.com\/cuca_roseta\">Cuca Roseta<\/a> \u00e9 um reflexo da gera\u00e7\u00e3o a que pertence, aos 29 anos, j\u00e1 cantou nos <b>Toranja <\/b>de <b>Tiago Bettencourt<\/b>, j\u00e1 foi a voz de um c\u00e9lebre an\u00fancio em que o \u00abvenha c\u00e1\u00bb ficou famoso, gosta de <b>System of the Down, Queen, Red Hot Chili Peppers<\/b>, mas tamb\u00e9m de <b>Michael Bolton<\/b> e conheceu o Fado aos 18 anos e, de uma forma surpreendentemente descomplexada, pura e verdadeira percebeu que \u00abAquilo\u00bb era a melhor de todas as m\u00fasicas e que era \u00abisso\u00bb que gostaria de conhecer melhor. <\/div>\n<p><iframe allowfullscreen=\"\" frameborder=\"0\" height=\"390\" src=\"http:\/\/www.youtube.com\/embed\/tfxlf__5Q3E\" width=\"480\"><\/iframe><\/p>\n<div style=\"text-align: justify\"><span style=\"font-family: Arial,Helvetica,sans-serif\">Apesar de ser m\u00e3e solteira, o trabalho nas casas de Fado abriu-lhe as portas do mundo quando, por casualidade, <b>Gustavo Santaolalla<\/b>, produtor de <b>Juanes e dos Bajofondo<\/b> and <b>vencedor de dois \u00d3scares pelas bandas sonoras dos filmes \u00abO Segredo de Brokeback Mountain\u00bb e \u00abBabel\u00bb<\/b> a ouviu cantar e lhe disse para deixar a Psicologia e o est\u00e1gio que se preparava para iniciar e para se dedicar em exclusivo \u00e0 m\u00fasica. E assim aconteceu, e assim \u00e9 verdade, uma enorme verdade! <\/span><\/div>\n<p><iframe allowfullscreen=\"\" frameborder=\"0\" height=\"390\" src=\"http:\/\/www.youtube.com\/embed\/R3i_mHmxxj0\" width=\"480\"><\/iframe><\/p>","protected":false},"excerpt":{"rendered":"<p>Fado. Uma palavra muitas vezes elevada a expoente de um Pa\u00eds, muitas vezes colocada na lama e como representa\u00e7\u00e3o do bafio pol\u00edtico de anos e anos de cinzentismo. Mas, sem complexos, tal como existe o Tango, o Flamenco, a MPB, etc, Portugal tem no Fado o seu estilo musical mais representativo e existe indubitavelmente uma<\/p>","protected":false},"author":1,"featured_media":0,"comment_status":"open","ping_status":"open","sticky":false,"template":"","format":"standard","meta":[],"categories":[1],"tags":[],"_links":{"self":[{"href":"https:\/\/www.ecletismomusical.pt\/en\/wp-json\/wp\/v2\/posts\/398"}],"collection":[{"href":"https:\/\/www.ecletismomusical.pt\/en\/wp-json\/wp\/v2\/posts"}],"about":[{"href":"https:\/\/www.ecletismomusical.pt\/en\/wp-json\/wp\/v2\/types\/post"}],"author":[{"embeddable":true,"href":"https:\/\/www.ecletismomusical.pt\/en\/wp-json\/wp\/v2\/users\/1"}],"replies":[{"embeddable":true,"href":"https:\/\/www.ecletismomusical.pt\/en\/wp-json\/wp\/v2\/comments?post=398"}],"version-history":[{"count":0,"href":"https:\/\/www.ecletismomusical.pt\/en\/wp-json\/wp\/v2\/posts\/398\/revisions"}],"wp:attachment":[{"href":"https:\/\/www.ecletismomusical.pt\/en\/wp-json\/wp\/v2\/media?parent=398"}],"wp:term":[{"taxonomy":"category","embeddable":true,"href":"https:\/\/www.ecletismomusical.pt\/en\/wp-json\/wp\/v2\/categories?post=398"},{"taxonomy":"post_tag","embeddable":true,"href":"https:\/\/www.ecletismomusical.pt\/en\/wp-json\/wp\/v2\/tags?post=398"}],"curies":[{"name":"wp","href":"https:\/\/api.w.org\/{rel}","templated":true}]}}