{"id":399,"date":"2011-04-05T15:20:00","date_gmt":"2011-04-05T15:20:00","guid":{"rendered":"https:\/\/ecletismomusical.pt\/kurt-cobain-20-2-67-5-4-1994\/"},"modified":"2011-04-05T15:20:00","modified_gmt":"2011-04-05T15:20:00","slug":"kurt-cobain-20-2-67-5-4-1994","status":"publish","type":"post","link":"https:\/\/www.ecletismomusical.pt\/en\/kurt-cobain-20-2-67-5-4-1994\/","title":{"rendered":"Kurt Cobain (20-2-67\/5-4-1994)"},"content":{"rendered":"<div style=\"clear: both;text-align: center\"><a href=\"http:\/\/blog.revistacabelos.com.br\/wp-content\/uploads\/2010\/04\/kurtcobain.jpg\" style=\"clear: left;float: left;margin-bottom: 1em;margin-right: 1em\"><img height=\"320\" src=\"http:\/\/blog.revistacabelos.com.br\/wp-content\/uploads\/2010\/04\/kurtcobain.jpg\" width=\"248\" \/><\/a><\/div>\n<div style=\"font-family: Arial,Helvetica,sans-serif;text-align: justify\">No j\u00e1 long\u00ednquo dia <b>5 de Abril de 1994<\/b> desapareceu um dos maiores \u00edcones da m\u00fasica do s\u00e9culo XX. O frontman dos <b>Nirvana<\/b> era, tal como muitos outros que o antecederam, um g\u00e9nio conturbado, cheios de v\u00edcios de corpo e de alma. A not\u00edcia foi dada assim em Portugal:<\/div>\n<p><iframe allowfullscreen=\"\" frameborder=\"0\" height=\"390\" src=\"http:\/\/www.youtube.com\/embed\/sUxm1XGVUDI\" width=\"480\"><\/iframe> <\/p>\n<p><span style=\"font-family: Arial,Helvetica,sans-serif\">Ficou o seu legado, a sua obra e a sua genialidade. <\/span><\/p>\n<p><iframe allowfullscreen=\"\" frameborder=\"0\" height=\"390\" src=\"http:\/\/www.youtube.com\/embed\/aIZtCC62G_0\" width=\"480\"><\/iframe> <iframe allowfullscreen=\"\" frameborder=\"0\" height=\"390\" src=\"http:\/\/www.youtube.com\/embed\/USZzH1L6nKU\" width=\"480\"><\/iframe><\/p>","protected":false},"excerpt":{"rendered":"<p>No j\u00e1 long\u00ednquo dia 5 de Abril de 1994 desapareceu um dos maiores \u00edcones da m\u00fasica do s\u00e9culo XX. O frontman dos Nirvana era, tal como muitos outros que o antecederam, um g\u00e9nio conturbado, cheios de v\u00edcios de corpo e de alma. A not\u00edcia foi dada assim em Portugal: Ficou o seu legado, a sua<\/p>","protected":false},"author":1,"featured_media":0,"comment_status":"open","ping_status":"open","sticky":false,"template":"","format":"standard","meta":[],"categories":[1],"tags":[],"_links":{"self":[{"href":"https:\/\/www.ecletismomusical.pt\/en\/wp-json\/wp\/v2\/posts\/399"}],"collection":[{"href":"https:\/\/www.ecletismomusical.pt\/en\/wp-json\/wp\/v2\/posts"}],"about":[{"href":"https:\/\/www.ecletismomusical.pt\/en\/wp-json\/wp\/v2\/types\/post"}],"author":[{"embeddable":true,"href":"https:\/\/www.ecletismomusical.pt\/en\/wp-json\/wp\/v2\/users\/1"}],"replies":[{"embeddable":true,"href":"https:\/\/www.ecletismomusical.pt\/en\/wp-json\/wp\/v2\/comments?post=399"}],"version-history":[{"count":0,"href":"https:\/\/www.ecletismomusical.pt\/en\/wp-json\/wp\/v2\/posts\/399\/revisions"}],"wp:attachment":[{"href":"https:\/\/www.ecletismomusical.pt\/en\/wp-json\/wp\/v2\/media?parent=399"}],"wp:term":[{"taxonomy":"category","embeddable":true,"href":"https:\/\/www.ecletismomusical.pt\/en\/wp-json\/wp\/v2\/categories?post=399"},{"taxonomy":"post_tag","embeddable":true,"href":"https:\/\/www.ecletismomusical.pt\/en\/wp-json\/wp\/v2\/tags?post=399"}],"curies":[{"name":"wp","href":"https:\/\/api.w.org\/{rel}","templated":true}]}}