{"id":402,"date":"2011-03-24T11:20:00","date_gmt":"2011-03-24T11:20:00","guid":{"rendered":"https:\/\/ecletismomusical.pt\/concerto-anne-sofie-von-otter-brad-mehldau-love-songs\/"},"modified":"2011-03-24T11:20:00","modified_gmt":"2011-03-24T11:20:00","slug":"concerto-anne-sofie-von-otter-brad-mehldau-love-songs","status":"publish","type":"post","link":"https:\/\/www.ecletismomusical.pt\/en\/concerto-anne-sofie-von-otter-brad-mehldau-love-songs\/","title":{"rendered":"[Concerto] Anne Sofie Von Otter &#038; Brad Mehldau &#8211; Love Songs"},"content":{"rendered":"<div style=\"clear: both;text-align: center\"><a href=\"https:\/\/lh6.googleusercontent.com\/-wzOpedtB9B4\/TYsfuGpaISI\/AAAAAAAAAJ8\/OxbZgxMN850\/s1600\/imagedownload.jpg\" style=\"clear: left;float: left;margin-bottom: 1em;margin-right: 1em\"><img height=\"212\" src=\"https:\/\/lh6.googleusercontent.com\/-wzOpedtB9B4\/TYsfuGpaISI\/AAAAAAAAAJ8\/OxbZgxMN850\/s320\/imagedownload.jpg\" width=\"320\" \/><\/a><\/div>\n<div style=\"font-family: Arial,Helvetica,sans-serif\">\n<p>Casa da M\u00fasica, Porto<\/p><\/div>\n<div style=\"font-family: Arial,Helvetica,sans-serif\">26 de Mar\u00e7o<\/div>\n<div style=\"font-family: Arial,Helvetica,sans-serif\">22h<\/div>\n<div style=\"font-family: Arial,Helvetica,sans-serif\"><i><br \/><\/i><\/div>\n<div style=\"font-family: Arial,Helvetica,sans-serif;text-align: justify\">\n<div style=\"font-family: Arial,Helvetica,sans-serif\"><i><a href=\"http:\/\/www.bradmehldau.com\/\">&#8220;Brad Mehldau<\/a> and <a href=\"http:\/\/www.annesofievonotter.com\/\">Anne Sofie von Otter<\/a> s\u00e3o artistas conhecidos pela sua avers\u00e3o a  barreiras estil\u00edsticas. O pianista norte-americano afirmou-se nas duas \u00faltimas  d\u00e9cadas como uma das estrelas mais brilhantes do jazz actual, e tem cultivado os  cruzamentos de linguagens com visitas quer \u00e0 m\u00fasica pop quer \u00e0 cl\u00e1ssica.  Escreveu para agrupamentos sinf\u00f3nicos e tamb\u00e9m para solistas de renome.&nbsp;<\/i><\/div>\n<div style=\"font-family: Arial,Helvetica,sans-serif\"><\/div>\n<div style=\"font-family: Arial,Helvetica,sans-serif\"><i>Recentemente, por encomenda do Carnegie Hall de Nova Iorque, comp\u00f4s o ciclo de  can\u00e7\u00f5es <\/i><i>Love Songs, com poemas de Sara Teasdale (1884-1933), escrito  para uma das meio-sopranos mais celebradas e requisitadas nos palcos de \u00f3pera.  Para al\u00e9m das can\u00e7\u00f5es de Mehldau, o duo tem interpretado pe\u00e7as de grandes  autores como Jacques Brel, L\u00e9o Ferr\u00e9, Michel Legrand, Paul McCartney e Joni  Mitchell, entre outros.&#8221;<\/i><\/div>\n<p><\/div>\n<p><iframe allowfullscreen=\"\" frameborder=\"0\" height=\"390\" src=\"http:\/\/www.youtube.com\/embed\/Nw0y9T0vUpo\" width=\"480\"><\/iframe><\/p>","protected":false},"excerpt":{"rendered":"<p>Casa da M\u00fasica, Porto 26 de Mar\u00e7o 22h &#8220;Brad Mehldau e Anne Sofie von Otter s\u00e3o artistas conhecidos pela sua avers\u00e3o a barreiras estil\u00edsticas. O pianista norte-americano afirmou-se nas duas \u00faltimas d\u00e9cadas como uma das estrelas mais brilhantes do jazz actual, e tem cultivado os cruzamentos de linguagens com visitas quer \u00e0 m\u00fasica pop quer<\/p>","protected":false},"author":1,"featured_media":0,"comment_status":"open","ping_status":"open","sticky":false,"template":"","format":"standard","meta":[],"categories":[1],"tags":[],"_links":{"self":[{"href":"https:\/\/www.ecletismomusical.pt\/en\/wp-json\/wp\/v2\/posts\/402"}],"collection":[{"href":"https:\/\/www.ecletismomusical.pt\/en\/wp-json\/wp\/v2\/posts"}],"about":[{"href":"https:\/\/www.ecletismomusical.pt\/en\/wp-json\/wp\/v2\/types\/post"}],"author":[{"embeddable":true,"href":"https:\/\/www.ecletismomusical.pt\/en\/wp-json\/wp\/v2\/users\/1"}],"replies":[{"embeddable":true,"href":"https:\/\/www.ecletismomusical.pt\/en\/wp-json\/wp\/v2\/comments?post=402"}],"version-history":[{"count":0,"href":"https:\/\/www.ecletismomusical.pt\/en\/wp-json\/wp\/v2\/posts\/402\/revisions"}],"wp:attachment":[{"href":"https:\/\/www.ecletismomusical.pt\/en\/wp-json\/wp\/v2\/media?parent=402"}],"wp:term":[{"taxonomy":"category","embeddable":true,"href":"https:\/\/www.ecletismomusical.pt\/en\/wp-json\/wp\/v2\/categories?post=402"},{"taxonomy":"post_tag","embeddable":true,"href":"https:\/\/www.ecletismomusical.pt\/en\/wp-json\/wp\/v2\/tags?post=402"}],"curies":[{"name":"wp","href":"https:\/\/api.w.org\/{rel}","templated":true}]}}