{"id":4054,"date":"2019-01-22T11:47:07","date_gmt":"2019-01-22T11:47:07","guid":{"rendered":"https:\/\/www.ecletismomusical.pt\/?p=4054"},"modified":"2019-01-22T11:56:16","modified_gmt":"2019-01-22T11:56:16","slug":"entrevista-sara-correia","status":"publish","type":"post","link":"https:\/\/www.ecletismomusical.pt\/en\/entrevista-sara-correia\/","title":{"rendered":"[Interview] Sara Strap"},"content":{"rendered":"<p class=\"has-medium-font-size\">Depois de muitos anos em que o Fado tinha conota\u00e7\u00f5es menos positivas, a j\u00e1 de meia idade Democracia Portuguesa, permitiu que a can\u00e7\u00e3o nacional deixasse de ser vista apenas como bandeira de uma ideia de um Portugal a cheirar a mofo e que pudesse ser olhado com outros olhos.<\/p>\n\n\n\n<p class=\"has-medium-font-size\"><strong><a href=\"https:\/\/www.facebook.com\/saracorreiafado\/\">Sara Correia<\/a><\/strong> \u00e9 uma jovem cosmopolita que, apesar de ter apenas 25 anos, j\u00e1 tem muitas noites nas Casas de Fado de Lisboa onde se foi fazendo mulher, o que, naturalmente, contribui, e muito, para que a sua voz e interpreta\u00e7\u00e3o nos remeta para os cl\u00e1ssicos, apesar do seu ar jovial e moderno.<\/p>\n\n\n\n<p class=\"has-medium-font-size\">Fiquem a conhecer melhor um dos nomes maiores da nova gera\u00e7\u00e3o do Fado que estar\u00e1 no <strong>dia 21 de Fevereiro no Capit\u00f3lio, em Lisboa.<\/strong><\/p>\n\n\n\n<img width=\"960\" height=\"960\" src=\"https:\/\/www.ecletismomusical.pt\/wp-content\/uploads\/2019\/01\/40570655_1056122987890643_8312545696850903040_n.jpg\" alt=\"\" class=\"wp-image-4056\" srcset=\"https:\/\/www.ecletismomusical.pt\/wp-content\/uploads\/2019\/01\/40570655_1056122987890643_8312545696850903040_n.jpg 960w, https:\/\/www.ecletismomusical.pt\/wp-content\/uploads\/2019\/01\/40570655_1056122987890643_8312545696850903040_n-150x150.jpg 150w, https:\/\/www.ecletismomusical.pt\/wp-content\/uploads\/2019\/01\/40570655_1056122987890643_8312545696850903040_n-300x300.jpg 300w, https:\/\/www.ecletismomusical.pt\/wp-content\/uploads\/2019\/01\/40570655_1056122987890643_8312545696850903040_n-768x768.jpg 768w\" \/>\n\n\n\n<p><strong>EM: Podemos dizer que o teu \u00e1lbum de estreia, traduz-se quase como que num encontro de caf\u00e9 entre a \u201cSara, eterna menina das casas de Fado\u201d e a \u201cSara contempor\u00e2nea\u201d, numa mescla de viv\u00eancias e que resultam no que \u00e9s hoje enquanto pessoa?<\/strong><br> &nbsp;&nbsp;<br><strong>Sara Correia: <\/strong>Tenho muito fado em mim. O fado influenciou-me a ser o que sou hoje, pelo que vivemos nas casas de fado, o seu ambiente e pelas ora\u00e7\u00f5es que s\u00e3o cantadas. Claro que os fadistas que conheci ao longo da minha vida, e todo este meu envolvimento neste mundo do Fado fizeram de mim a Sara que gosto de ser, esta Sara que hoje \u00e9 mais madura, que luta pelos seus sonhos, sempre verdadeira e com emo\u00e7\u00f5es que sobram.<\/p>\n\n\n\n<p><strong>EM: Sentes que a Casa de Fado ser\u00e1 sempre o teu conforto, o teu porto de abrigo e que toda esta (nova) exposi\u00e7\u00e3o e holofotes ir\u00e3o transformar o teu Destino para sempre? Como te sentes a lidar com esta nova fase da tua vida?<\/strong><br> &nbsp;&nbsp;<br> <strong>Sara Correia:<\/strong> As casas de fado s\u00e3o muito importantes para um fadista. \u00c9 um local obrigat\u00f3rio, pois \u00e9 onde se desenvolve e se cresce, tenho ditos muitas vezes que \u00e9 a Igreja dos fadistas. Mas n\u00e3o se compara, ao cantar pelo mundo e cantar com a minha equipa, \u00e9 um verdadeiro sonho.<br> Estou muito feliz por poder fazer o que gosto e estou bastante curiosa para saber como&nbsp;vai ser daqui em diante. Uma coisa sei, sei que darei sempre o que tiver no cora\u00e7\u00e3o.<\/p>\n\n\n\n<div class=\"wp-block-embed__wrapper\">\n<iframe width=\"900\" height=\"506\" src=\"https:\/\/www.youtube.com\/embed\/mT2KcWp_5qg?feature=oembed\" frameborder=\"0\" allowfullscreen><\/iframe>\n<\/div>\n\n\n\n<p><strong>EM: Quando decides abrir <em>a cappella <\/em>o teu \u00e1lbum de estreia, hom\u00f3nimo, com \u201cFado Portugu\u00eas\u201d popularizado por Am\u00e1lia Rodrigues, pretendeste apresentar desde logo ao que vinhas e colocar a fasquia bem alta?<\/strong>&nbsp;<\/p>\n\n\n\n<p><strong>Sara Correia:<\/strong> \u00c9 uma grande responsabilidade cantar a D. Am\u00e1lia Rodrigues, e desde pequena que a canto, a minha admira\u00e7\u00e3o \u00e9 enorme. O fado Portugu\u00eas \u00e9 um dos meus fados favoritos e sempre tive o sonho de o gravar, e gravei. A fasquia \u00e9 sempre alta quando&nbsp;cantamos a Sr. D. Am\u00e1lia.<\/p>\n\n\n\n<p><strong>EM: Sendo tu provavelmente a Fadista da nova gera\u00e7\u00e3o (com 25 anos, ainda que j\u00e1 com muitos de carreira, ainda ter\u00e1s que entrar nessa categoria) com uma raiz de Fado mais tradicional, sentes a responsabilidade de representares uma Lisboa em vias de extin\u00e7\u00e3o ou achas que a globaliza\u00e7\u00e3o (e as influ\u00eancias que traz) n\u00e3o colocam em causa o Fado?<\/strong><\/p>\n\n\n\n<p><strong>Sara Correia:<\/strong> O fado n\u00e3o muda a sua verdadeira ess\u00eancia, e antes de estar nas fus\u00f5es, acho que o fado est\u00e1 na voz.<\/p>\n\n\n\n<p>E \u00e9 bom continuarem a surgir&nbsp;jovens para dar continuidade ao que nos deixaram de t\u00e3o genu\u00edno \u2013 o Fado e n\u00e3o s\u00f3, pois temos tanto talento em Portugal, tantos poetas, fadistas, m\u00fasicos que nos deixaram hist\u00f3ria. N\u00e3o acho que o fado mude, acho que os tempos s\u00e3o outros e as formas de estar s\u00e3o diferentes. Mas claro que dever\u00e1 haver sempre respeito pelo fado tradicional.<\/p>\n\n\n\n<div class=\"wp-block-embed__wrapper\">\n<iframe width=\"900\" height=\"506\" src=\"https:\/\/www.youtube.com\/embed\/TwzU2yiEAZg?feature=oembed\" frameborder=\"0\" allowfullscreen><\/iframe>\n<\/div>\n\n\n\n<p><strong>EM: In\u00e9ditos como \u201cSou a Casa\u201d e \u201cO Meu Bom Ar\u201d s\u00e3o a Sara a mostrar (juntamente com o Diogo Clemente) de que, apesar da alma de fadista cl\u00e1ssica, a jovem de 25 anos, n\u00e3o deixa de ser uma jovem e tamb\u00e9m tem coisas modernas para dizer ao mundo?<\/strong><\/p>\n\n\n\n<p><strong>Sara Correira:<\/strong> Na verdade, cresci no meio do fado e, sem querer, acabamos por crescer mais r\u00e1pido com as suas viv\u00eancias, mas tamb\u00e9m tenho 25 anos, muita energia e gosto sempre de me superar e fazer coisas novas. Acho que faz parte da idade. E quis transmitir isso nas hist\u00f3rias que gravei no meu disco pois s\u00e3o hist\u00f3rias verdadeiras e acredito que s\u00f3 dessa forma se pode passar o que sentimos realmente.<\/p>\n\n\n\n<p><strong>EM: Consideras que o Fado tem vindo a beneficiar da profunda altera\u00e7\u00e3o na imagem e forma de apresenta\u00e7\u00e3o das fadistas, nomeadamente, no abandono das vestes cl\u00e1ssicas e cuidado com a apar\u00eancia, e que, essa modernidade visual enquadra o Fado na sociedade atual, mais do que desvirtua os seus c\u00e2nones tradicionais?<\/strong> <\/p>\n\n\n\n<p><strong>Sara Correia:<\/strong> Com o tempo, a forma de \u201cvestir\u201d muda e vai mudando. Tal como no fado, independentemente da roupa que se vista, ser\u00e1 sempre como ele \u00e9. &nbsp;Gosto muito que se respeite a tradi\u00e7\u00e3o, mas tamb\u00e9m entendo que h\u00e1 toda uma gera\u00e7\u00e3o diferente e \u00e9 bom haver criatividade. <\/p>\n\n\n\n<div class=\"wp-block-embed__wrapper\">\n<iframe width=\"900\" height=\"506\" src=\"https:\/\/www.youtube.com\/embed\/HqdFaeHnkkM?feature=oembed\" frameborder=\"0\" allowfullscreen><\/iframe>\n<\/div>\n\n\n\n<p><strong>EM: A prop\u00f3sito, qual consideras ser o \u00abestado d\u2019arte\u00bb da m\u00fasica feita em Portugal?<\/strong><\/p>\n\n\n\n<p><strong>Sara Correia:<\/strong> Temos grandes artistas em Portugal, tenho o prazer de conhecer alguns. Sempre fomos um povo de bom gosto e considero a nossa arte, sem d\u00favida, muito genu\u00edna. E com isto, s\u00f3 temos tend\u00eancia a crescer cada vez mais, exemplo disso s\u00e3o os grandes \u00e1lbuns e artistas novos muito talentosos que t\u00eam sido lan\u00e7ados nos \u00faltimos tempos.<\/p>\n\n\n\n<p><strong>EM: Que nomes colocavas no teu \u201cFestival Ideal\u201d? (Vivos ou n\u00e3o)<\/strong><\/p>\n\n\n\n<p><strong>Sara Correia:<\/strong> Seria um grande festival na verdade, enumero 5 nomes: <strong>Am\u00e1lia Rodrigues, Beatriz da Concei\u00e7\u00e3o<\/strong>, o cartaz teria que ter os melhores nomes do Fado! E claro para completar: <strong>Amy Winehouse, Frank Sinatra&nbsp;e Concha Buika<\/strong>, iria ser fenomenal, e como s\u00e3o todas completamente diferentes e donas de uma voz soberba, este \u00e9 o meu cartaz ideal.<\/p>\n\n\n\n<div class=\"wp-block-embed__wrapper\">\n<iframe width=\"900\" height=\"506\" src=\"https:\/\/www.youtube.com\/embed\/bVH70rW3ej8?feature=oembed\" frameborder=\"0\" allowfullscreen><\/iframe>\n<\/div>\n\n\n\n<p><strong>EM: Se tivesses que identificar os 5 melhores \u00e1lbuns de sempre, qual era a tua escolha? E porqu\u00ea?&nbsp;<\/strong><\/p>\n\n\n\n<p><strong>Sara Correia: <\/strong> Todos estes \u00e1lbuns s\u00e3o incr\u00edveis e sou uma ouvinte di\u00e1ria dos mesmos. S\u00e3o de um bom gosto, s\u00e3o todos t\u00e3o diferentes, mas todos t\u00e3o talentosos na sua arte. Esta pergunta \u00e9 dif\u00edcil pois teria muitos mais \u00e1lbuns para partilhar com voc\u00eas! <\/p>\n\n\n\n<p> <strong>Frank Sinatra &#8211; September of my years<\/strong><\/p>\n\n\n\n<img src=\"https:\/\/www.ecletismomusical.pt\/wp-content\/uploads\/2019\/01\/51IYh9gepmL._SY355_-1.jpg\" alt=\"\" class=\"wp-image-4058\" width=\"198\" height=\"198\" srcset=\"https:\/\/www.ecletismomusical.pt\/wp-content\/uploads\/2019\/01\/51IYh9gepmL._SY355_-1.jpg 355w, https:\/\/www.ecletismomusical.pt\/wp-content\/uploads\/2019\/01\/51IYh9gepmL._SY355_-1-150x150.jpg 150w, https:\/\/www.ecletismomusical.pt\/wp-content\/uploads\/2019\/01\/51IYh9gepmL._SY355_-1-300x300.jpg 300w\" \/>\n\n\n\n<p>  <strong>Tito Paris &#8211; Luanda<\/strong><\/p>\n\n\n\n<img src=\"https:\/\/www.ecletismomusical.pt\/wp-content\/uploads\/2019\/01\/images.jpg\" alt=\"\" class=\"wp-image-4059\" width=\"202\" height=\"202\" srcset=\"https:\/\/www.ecletismomusical.pt\/wp-content\/uploads\/2019\/01\/images.jpg 225w, https:\/\/www.ecletismomusical.pt\/wp-content\/uploads\/2019\/01\/images-150x150.jpg 150w\" \/>\n\n\n\n<p> <strong>Cartola &#8211; Todo o tempo que eu viver <\/strong><\/p>\n\n\n\n<img src=\"https:\/\/www.ecletismomusical.pt\/wp-content\/uploads\/2019\/01\/transferir.jpg\" alt=\"\" class=\"wp-image-4060\" width=\"219\" height=\"192\" \/>\n\n\n\n<p> <strong>Amy Winehouse &#8211; Back <\/strong><\/p>\n\n\n\n<img src=\"https:\/\/www.ecletismomusical.pt\/wp-content\/uploads\/2019\/01\/transferir-1-150x150.jpg\" alt=\"\" class=\"wp-image-4061\" width=\"220\" height=\"220\" srcset=\"https:\/\/www.ecletismomusical.pt\/wp-content\/uploads\/2019\/01\/transferir-1-150x150.jpg 150w, https:\/\/www.ecletismomusical.pt\/wp-content\/uploads\/2019\/01\/transferir-1.jpg 225w\" \/>\n\n\n\n<p><strong> Concha Buika &#8211; Em mi piel<\/strong><\/p>\n\n\n\n<img src=\"https:\/\/www.ecletismomusical.pt\/wp-content\/uploads\/2019\/01\/transferir-2-150x150.jpg\" alt=\"\" class=\"wp-image-4062\" width=\"206\" height=\"206\" srcset=\"https:\/\/www.ecletismomusical.pt\/wp-content\/uploads\/2019\/01\/transferir-2-150x150.jpg 150w, https:\/\/www.ecletismomusical.pt\/wp-content\/uploads\/2019\/01\/transferir-2.jpg 225w\" \/>\n\n\n\n<p><strong>EM: Quais s\u00e3o os teus planos para os pr\u00f3ximos meses? Por onde ir\u00e1s andar?<\/strong><\/p>\n\n\n\n<p><strong>Sara Correia:<\/strong> Depois da sa\u00edda do meu \u00e1lbum estou numa fase de promo\u00e7\u00e3o e em breve sair\u00e1 a minha agenda de 2019, mas quero partilhar j\u00e1 1 concerto muito importante, no dia 21 de Fevereiro no Capit\u00f3lio em Lisboa! Estar\u00e1 tudo nas minhas redes sociais e espero poder contar com voc\u00eas nesta viagem! <\/p>\n\n\n\n<p><strong>Agradecimentos Especiais:<\/strong><br><strong>Obrigado Sara e estaremos atentos a todo o sucesso que certamente ir\u00e1s ter!<\/strong><br><strong>Mariana Morado (Universal Music)<\/strong><br><strong>Fotografia Capa: <\/strong>Isabel Pinto  <\/p>\n\n\n\n<p><\/p>","protected":false},"excerpt":{"rendered":"<p>Depois de muitos anos em que o Fado tinha conota\u00e7\u00f5es menos positivas, a j\u00e1 de meia idade Democracia Portuguesa, permitiu que a can\u00e7\u00e3o nacional deixasse de ser vista apenas como bandeira de uma ideia de um Portugal a cheirar a mofo e que pudesse ser olhado com outros olhos. Sara Correia \u00e9 uma jovem cosmopolita<\/p>","protected":false},"author":3,"featured_media":4063,"comment_status":"open","ping_status":"open","sticky":false,"template":"","format":"standard","meta":[],"categories":[25],"tags":[52,340,448],"_links":{"self":[{"href":"https:\/\/www.ecletismomusical.pt\/en\/wp-json\/wp\/v2\/posts\/4054"}],"collection":[{"href":"https:\/\/www.ecletismomusical.pt\/en\/wp-json\/wp\/v2\/posts"}],"about":[{"href":"https:\/\/www.ecletismomusical.pt\/en\/wp-json\/wp\/v2\/types\/post"}],"author":[{"embeddable":true,"href":"https:\/\/www.ecletismomusical.pt\/en\/wp-json\/wp\/v2\/users\/3"}],"replies":[{"embeddable":true,"href":"https:\/\/www.ecletismomusical.pt\/en\/wp-json\/wp\/v2\/comments?post=4054"}],"version-history":[{"count":6,"href":"https:\/\/www.ecletismomusical.pt\/en\/wp-json\/wp\/v2\/posts\/4054\/revisions"}],"predecessor-version":[{"id":4070,"href":"https:\/\/www.ecletismomusical.pt\/en\/wp-json\/wp\/v2\/posts\/4054\/revisions\/4070"}],"wp:featuredmedia":[{"embeddable":true,"href":"https:\/\/www.ecletismomusical.pt\/en\/wp-json\/wp\/v2\/media\/4063"}],"wp:attachment":[{"href":"https:\/\/www.ecletismomusical.pt\/en\/wp-json\/wp\/v2\/media?parent=4054"}],"wp:term":[{"taxonomy":"category","embeddable":true,"href":"https:\/\/www.ecletismomusical.pt\/en\/wp-json\/wp\/v2\/categories?post=4054"},{"taxonomy":"post_tag","embeddable":true,"href":"https:\/\/www.ecletismomusical.pt\/en\/wp-json\/wp\/v2\/tags?post=4054"}],"curies":[{"name":"wp","href":"https:\/\/api.w.org\/{rel}","templated":true}]}}