{"id":407,"date":"2011-03-14T18:08:00","date_gmt":"2011-03-14T18:08:00","guid":{"rendered":"https:\/\/ecletismomusical.pt\/julia-stone-the-memory-machine\/"},"modified":"2011-03-14T18:08:00","modified_gmt":"2011-03-14T18:08:00","slug":"julia-stone-the-memory-machine","status":"publish","type":"post","link":"https:\/\/www.ecletismomusical.pt\/en\/julia-stone-the-memory-machine\/","title":{"rendered":"Julia Stone &#8211; The Memory Machine"},"content":{"rendered":"<div style=\"clear: both;text-align: center\"><a href=\"https:\/\/lh5.googleusercontent.com\/-4DiFRhECRas\/TX5QiOHmRCI\/AAAAAAAAAJo\/sf-n0HxtDnk\/s1600\/MemoryMachine.jpg\" style=\"clear: left;float: left;margin-bottom: 1em;margin-right: 1em\"><img height=\"320\" src=\"https:\/\/lh5.googleusercontent.com\/-4DiFRhECRas\/TX5QiOHmRCI\/AAAAAAAAAJo\/sf-n0HxtDnk\/s320\/MemoryMachine.jpg\" width=\"320\" \/><\/a><\/div>\n<p><\/p>\n<div style=\"text-align: justify\"><span style=\"font-family: Arial,Helvetica,sans-serif\"><a href=\"http:\/\/www.myspace.com\/juliastonemusic\">Julia Stone<\/a>, mais conhecida enquanto parte do duo australiano <b>Angus and Julia Stone<\/b>, lan\u00e7ou no final do ano passado o seu \u00e1lbum solo intitulado <b>\u00abThe Memory Machine\u00bb<\/b>. Possuidora de uma voz doce e encantadora, <b>Julia<\/b> dedilha a sua viola e como que sussura can\u00e7\u00f5es de embalar&nbsp;ao ouvido de quem quer arrebatar. Disco para ouvir \u00e0 Lareira a ver a chuva a cair impiedosa&#8230;<\/span><\/div>\n<p><iframe allowfullscreen=\"\" frameborder=\"0\" height=\"390\" src=\"http:\/\/www.youtube.com\/embed\/BpFFGosHlwM\" width=\"480\"><\/iframe><\/p>\n<div style=\"clear: both;text-align: center\"><a href=\"http:\/\/s3.amazonaws.com\/musicnetwork\/assets\/2673\/juliastone_645_normal.jpg\" style=\"clear: left;float: left;height: 173px;margin-bottom: 1em;margin-right: 1em;width: 478px\"><img height=\"180\" src=\"http:\/\/s3.amazonaws.com\/musicnetwork\/assets\/2673\/juliastone_645_normal.jpg\" width=\"320\" \/><\/a><\/div>\n<p><iframe allowfullscreen=\"\" frameborder=\"0\" height=\"390\" src=\"http:\/\/www.youtube.com\/embed\/iH1bMXcZs40\" width=\"480\"><\/iframe><\/p>","protected":false},"excerpt":{"rendered":"<p>Julia Stone, mais conhecida enquanto parte do duo australiano Angus and Julia Stone, lan\u00e7ou no final do ano passado o seu \u00e1lbum solo intitulado \u00abThe Memory Machine\u00bb. Possuidora de uma voz doce e encantadora, Julia dedilha a sua viola e como que sussura can\u00e7\u00f5es de embalar&nbsp;ao ouvido de quem quer arrebatar. Disco para ouvir \u00e0<\/p>","protected":false},"author":1,"featured_media":0,"comment_status":"open","ping_status":"open","sticky":false,"template":"","format":"standard","meta":[],"categories":[1],"tags":[],"_links":{"self":[{"href":"https:\/\/www.ecletismomusical.pt\/en\/wp-json\/wp\/v2\/posts\/407"}],"collection":[{"href":"https:\/\/www.ecletismomusical.pt\/en\/wp-json\/wp\/v2\/posts"}],"about":[{"href":"https:\/\/www.ecletismomusical.pt\/en\/wp-json\/wp\/v2\/types\/post"}],"author":[{"embeddable":true,"href":"https:\/\/www.ecletismomusical.pt\/en\/wp-json\/wp\/v2\/users\/1"}],"replies":[{"embeddable":true,"href":"https:\/\/www.ecletismomusical.pt\/en\/wp-json\/wp\/v2\/comments?post=407"}],"version-history":[{"count":0,"href":"https:\/\/www.ecletismomusical.pt\/en\/wp-json\/wp\/v2\/posts\/407\/revisions"}],"wp:attachment":[{"href":"https:\/\/www.ecletismomusical.pt\/en\/wp-json\/wp\/v2\/media?parent=407"}],"wp:term":[{"taxonomy":"category","embeddable":true,"href":"https:\/\/www.ecletismomusical.pt\/en\/wp-json\/wp\/v2\/categories?post=407"},{"taxonomy":"post_tag","embeddable":true,"href":"https:\/\/www.ecletismomusical.pt\/en\/wp-json\/wp\/v2\/tags?post=407"}],"curies":[{"name":"wp","href":"https:\/\/api.w.org\/{rel}","templated":true}]}}