{"id":4073,"date":"2019-01-23T15:04:36","date_gmt":"2019-01-23T15:04:36","guid":{"rendered":"https:\/\/www.ecletismomusical.pt\/?p=4073"},"modified":"2019-01-23T15:05:10","modified_gmt":"2019-01-23T15:05:10","slug":"festival-festival-da-cancao-2019-destaques","status":"publish","type":"post","link":"https:\/\/www.ecletismomusical.pt\/en\/festival-festival-da-cancao-2019-destaques\/","title":{"rendered":"[Festival] Festival da Can\u00e7\u00e3o 2019 (Destaques)"},"content":{"rendered":"<p>Continuando o processo de moderniza\u00e7\u00e3o do Festival da Can\u00e7\u00e3o, este ano os 16 temas concorrentes a um lugar na Final, voltam a ser compostos e interpretados por nomes grandes da m\u00fasica Portuguesa.<\/p>\n\n\n\n<p>De entre as m\u00fasicas concorrentes, os destaques do Ecletismo Musical v\u00e3o para:<\/p>\n\n\n\n<p><strong>Conan Os\u00edris &#8211; Telem\u00f3veis<\/strong> <\/p>\n\n\n\n<div class=\"wp-block-embed__wrapper\">\n<iframe width=\"900\" height=\"675\" src=\"https:\/\/www.youtube.com\/embed\/DWoA-7kF5R4?feature=oembed\" frameborder=\"0\" allowfullscreen><\/iframe>\n<\/div>\n\n\n\n<p><strong>Mariana Bragada &#8211; Mar Doce<\/strong><\/p>\n\n\n\n<div class=\"wp-block-embed__wrapper\">\n<iframe width=\"900\" height=\"675\" src=\"https:\/\/www.youtube.com\/embed\/Cn_pXpvlLx0?feature=oembed\" frameborder=\"0\" allowfullscreen><\/iframe>\n<\/div>\n\n\n\n<p><strong>NBC &#8211; Igual a ti<\/strong><\/p>\n\n\n\n<div class=\"wp-block-embed__wrapper\">\n<iframe width=\"900\" height=\"675\" src=\"https:\/\/www.youtube.com\/embed\/ZB5kVTuGe1U?feature=oembed\" frameborder=\"0\" allowfullscreen><\/iframe>\n<\/div>\n\n\n\n<p><strong>Surma &#8211; Pugna<\/strong><\/p>\n\n\n\n<div class=\"wp-block-embed__wrapper\">\n<iframe width=\"900\" height=\"675\" src=\"https:\/\/www.youtube.com\/embed\/LoJCdaVMBOc?feature=oembed\" frameborder=\"0\" allowfullscreen><\/iframe>\n<\/div>\n\n\n\n<p><strong>Ela Lim\u00e3o &#8211; Mais Brilhante Que Mil S\u00f3is<\/strong><\/p>\n\n\n\n<div class=\"wp-block-embed__wrapper\">\n<iframe width=\"900\" height=\"675\" src=\"https:\/\/www.youtube.com\/embed\/b-B_1l2hy1M?feature=oembed\" frameborder=\"0\" allowfullscreen><\/iframe>\n<\/div>","protected":false},"excerpt":{"rendered":"<p>Continuando o processo de moderniza\u00e7\u00e3o do Festival da Can\u00e7\u00e3o, este ano os 16 temas concorrentes a um lugar na Final, voltam a ser compostos e interpretados por nomes grandes da m\u00fasica Portuguesa. De entre as m\u00fasicas concorrentes, os destaques do Ecletismo Musical v\u00e3o para: Conan Os\u00edris &#8211; Telem\u00f3veis Mariana Bragada &#8211; Mar Doce NBC &#8211;<\/p>","protected":false},"author":3,"featured_media":4074,"comment_status":"open","ping_status":"open","sticky":false,"template":"","format":"standard","meta":[],"categories":[24],"tags":[324,661],"_links":{"self":[{"href":"https:\/\/www.ecletismomusical.pt\/en\/wp-json\/wp\/v2\/posts\/4073"}],"collection":[{"href":"https:\/\/www.ecletismomusical.pt\/en\/wp-json\/wp\/v2\/posts"}],"about":[{"href":"https:\/\/www.ecletismomusical.pt\/en\/wp-json\/wp\/v2\/types\/post"}],"author":[{"embeddable":true,"href":"https:\/\/www.ecletismomusical.pt\/en\/wp-json\/wp\/v2\/users\/3"}],"replies":[{"embeddable":true,"href":"https:\/\/www.ecletismomusical.pt\/en\/wp-json\/wp\/v2\/comments?post=4073"}],"version-history":[{"count":2,"href":"https:\/\/www.ecletismomusical.pt\/en\/wp-json\/wp\/v2\/posts\/4073\/revisions"}],"predecessor-version":[{"id":4076,"href":"https:\/\/www.ecletismomusical.pt\/en\/wp-json\/wp\/v2\/posts\/4073\/revisions\/4076"}],"wp:featuredmedia":[{"embeddable":true,"href":"https:\/\/www.ecletismomusical.pt\/en\/wp-json\/wp\/v2\/media\/4074"}],"wp:attachment":[{"href":"https:\/\/www.ecletismomusical.pt\/en\/wp-json\/wp\/v2\/media?parent=4073"}],"wp:term":[{"taxonomy":"category","embeddable":true,"href":"https:\/\/www.ecletismomusical.pt\/en\/wp-json\/wp\/v2\/categories?post=4073"},{"taxonomy":"post_tag","embeddable":true,"href":"https:\/\/www.ecletismomusical.pt\/en\/wp-json\/wp\/v2\/tags?post=4073"}],"curies":[{"name":"wp","href":"https:\/\/api.w.org\/{rel}","templated":true}]}}