{"id":415,"date":"2011-03-01T21:42:00","date_gmt":"2011-03-01T21:42:00","guid":{"rendered":"https:\/\/ecletismomusical.pt\/review-cristina-branco-nao-ha-so-tangos-em-paris\/"},"modified":"2011-03-01T21:42:00","modified_gmt":"2011-03-01T21:42:00","slug":"review-cristina-branco-nao-ha-so-tangos-em-paris","status":"publish","type":"post","link":"https:\/\/www.ecletismomusical.pt\/en\/review-cristina-branco-nao-ha-so-tangos-em-paris\/","title":{"rendered":"[Review] Cristina Branco &#8211; N\u00e3o H\u00e1 S\u00f3 Tangos em Paris"},"content":{"rendered":"<div style=\"clear: both;text-align: center\"><a href=\"http:\/\/a1.l3-images.myspacecdn.com\/images02\/134\/a2437276d1ff41ada3c2c9dd87c61c6a\/l.jpg\" style=\"clear: left;float: left;margin-bottom: 1em;margin-right: 1em\"><img height=\"287\" src=\"http:\/\/a1.l3-images.myspacecdn.com\/images02\/134\/a2437276d1ff41ada3c2c9dd87c61c6a\/l.jpg\" width=\"320\" \/><\/a><\/div>\n<div style=\"color: black\"><\/div>\n<div style=\"color: black\">\n<div style=\"text-align: justify\"><span style=\"font-size: small\"><br \/><\/span><br \/><span style=\"border-collapse: separate;font-family: 'Times New Roman';font-size: small;font-style: normal;font-variant: normal;font-weight: normal;letter-spacing: normal;line-height: normal;text-indent: 0px;text-transform: none\"><span style=\"font-family: Arial,Tahoma,Helvetica,FreeSans,sans-serif;line-height: 18px\"><\/p>\n<div style=\"font-family: Arial,Helvetica,sans-serif;text-align: justify\">\n<div style=\"text-align: justify\">\u00ab<i><b>N\u00e3o h\u00e1 S\u00f3 Tangos em Paris\u00bb<\/b><\/i><span> <\/span>\u00e9 o t\u00edtulo do novo \u00e1lbum de<span>&nbsp;<\/span><a href=\"http:\/\/www.cristinabranco.com\/\" style=\"text-decoration: none\"><u><b>Cristina Branco<\/b><\/u><\/a>. O disco foi editado a 28 de Fevereiro e demonstra mais uma vez a autenticidade e o brilhantismo de uma das mais importantes vozes de Portugal.<\/div>\n<\/div>\n<p><\/span><\/span><\/p>\n<div style=\"text-align: justify\"><span style=\"font-size: small\"><br \/><\/span><span style=\"border-collapse: separate;font-family: 'Times New Roman';font-size: small;font-style: normal;font-variant: normal;font-weight: normal;letter-spacing: normal;line-height: normal;text-indent: 0px;text-transform: none\"><span style=\"font-family: Arial,Tahoma,Helvetica,FreeSans,sans-serif;line-height: 18px\"><\/p>\n<div style=\"font-family: Arial,Helvetica,sans-serif;text-align: justify\">Mais uma vez <a href=\"http:\/\/www.cristinabranco.com\/\">Cristina Branco<\/a> rodeou-se de autores de excep\u00e7\u00e3o como: <b>Ant\u00f3nio Lobo Antunes, M\u00e1rio Laginha, Vasco Gra\u00e7a Moura, Manuela de Freitas, Jo\u00e3o Esteves da Silva e Pedro da Silva Martins (Deolinda)<\/b> que comp\u00f4s o tema-t\u00edtulo.<\/div>\n<p><\/span><\/span><br \/><span style=\"border-collapse: separate;font-family: 'Times New Roman';font-size: small;font-style: normal;font-variant: normal;font-weight: normal;letter-spacing: normal;line-height: normal;text-indent: 0px;text-transform: none\"><span style=\"font-family: Arial,Tahoma,Helvetica,FreeSans,sans-serif;font-size: 13px;line-height: 18px\"><\/p>\n<div style=\"font-family: Arial,Helvetica,sans-serif;text-align: justify\"><span style=\"color: #999999;font-size: x-small\"><a href=\"http:\/\/www.myspace.com\/cristinabrancooficial\/videos\/video\/107532215\">N\u00e3o h\u00e1 s\u00f3 Tangos em Paris<\/a><\/span><\/div>\n<p><\/span><\/span><br \/><span style=\"border-collapse: separate;font-family: 'Times New Roman';font-size: small;font-style: normal;font-variant: normal;font-weight: normal;letter-spacing: normal;line-height: normal;text-indent: 0px;text-transform: none\"><span style=\"font-family: Arial,Tahoma,Helvetica,FreeSans,sans-serif;font-size: 13px;line-height: 18px\"><\/p>\n<div style=\"font-family: Arial,Helvetica,sans-serif;text-align: justify\"><span style=\"color: #999999;font-size: x-small\"><\/span><\/div>\n<p><\/span><\/span><br \/><span style=\"border-collapse: separate;font-family: 'Times New Roman';font-size: small;font-style: normal;font-variant: normal;font-weight: normal;letter-spacing: normal;line-height: normal;text-indent: 0px;text-transform: none\"><span style=\"font-family: Arial,Tahoma,Helvetica,FreeSans,sans-serif;font-size: 13px;line-height: 18px\"><\/p>\n<div style=\"font-family: Arial,Helvetica,sans-serif;text-align: justify\"><span style=\"color: #999999;font-size: x-small\"><a href=\"http:\/\/www.myspace.com\/cristinabrancooficial\/videos\/video\/107532215\">Cristina Branco<\/a>&nbsp;|&nbsp;<a href=\"http:\/\/www.blogger.com\/video\">V\u00eddeo do Myspace<\/a><\/span><\/p>\n<p><span style=\"color: #999999;font-size: x-small\">&nbsp;<\/span><\/div>\n<p><\/span><\/span><br \/><span style=\"border-collapse: separate;font-family: 'Times New Roman';font-size: small;font-style: normal;font-variant: normal;font-weight: normal;letter-spacing: normal;line-height: normal;text-indent: 0px;text-transform: none\"><span style=\"font-family: Arial,Tahoma,Helvetica,FreeSans,sans-serif;font-size: 13px;line-height: 18px\"><\/p>\n<div style=\"font-family: Arial,Helvetica,sans-serif;text-align: justify\"><span style=\"font-size: x-small\"><a href=\"http:\/\/www.cristinabranco.com\/\"><b>Cristina Branco<\/b><\/a> tem vindo a afirmar-se cada vez mais como uma cantora do mundo, sendo o Fado muitas vezes apenas o ponto de partida para as viagens de Cristina. Assim, para sucessor de Kronos (2009), nada melhor que um disco de mem\u00f3rias, viagens e momentos. Partiu do tri\u00e2ngulo <b>Buenos Aires-Paris-Lisboa<\/b> e, conforme escreve no texto que abre o booklet do CD, inspirou-se em <b>Am\u00e1lia, Brel, Baudelaire, os boleros, as milongas, o contrabaixo e a guitarra portuguesa.<\/b><\/span><\/p>\n<\/div>\n<p><\/span><\/span><br \/><span style=\"border-collapse: separate;font-family: 'Times New Roman';font-size: small;font-style: normal;font-variant: normal;font-weight: normal;letter-spacing: normal;line-height: normal;text-indent: 0px;text-transform: none\"><span style=\"font-family: Arial,Tahoma,Helvetica,FreeSans,sans-serif;font-size: 13px;line-height: 18px\"><\/p>\n<div style=\"font-family: Arial,Helvetica,sans-serif;text-align: justify\"><span style=\"font-size: x-small\"><\/span><\/div>\n<p><\/span><\/span><\/p>\n<div style=\"font-family: Arial,Helvetica,sans-serif\"><span style=\"border-collapse: separate;font-size: small;font-style: normal;font-variant: normal;font-weight: normal;letter-spacing: normal;line-height: normal;text-indent: 0px;text-transform: none\"><span style=\"line-height: 18px\"><\/p>\n<div style=\"text-align: justify\"><span style=\"border-collapse: separate;font-style: normal;font-variant: normal;font-weight: normal;letter-spacing: normal;line-height: normal;text-indent: 0px;text-transform: none\"><span style=\"line-height: 18px\"><\/p>\n<div style=\"text-align: justify\">E, como sempre, <a href=\"http:\/\/www.cristinabranco.com\/\"><b>Cristina Branco<\/b><\/a> rodeou-se de m\u00fasicos de elei\u00e7\u00e3o. <b>Na guitarra portuguesa, o mais importante e extraordin\u00e1rio m\u00fasico da <\/b><i><b>\u00abnova gera\u00e7\u00e3o\u00bb:<\/b> <\/i><b>Bernardo Couto.&nbsp;<\/b><\/div>\n<p><\/span><\/span><\/div>\n<p><\/span><\/span><\/div>\n<p><span style=\"border-collapse: separate;font-family: 'Times New Roman';font-size: small;font-style: normal;font-variant: normal;font-weight: normal;letter-spacing: normal;line-height: normal;text-indent: 0px;text-transform: none\"><span style=\"font-family: Arial,Tahoma,Helvetica,FreeSans,sans-serif;font-size: 13px;line-height: 18px\"><\/p>\n<div style=\"font-family: Arial,Helvetica,sans-serif;text-align: justify\"><span style=\"border-collapse: separate;font-size: x-small;font-style: normal;font-variant: normal;font-weight: normal;letter-spacing: normal;line-height: normal;text-indent: 0px;text-transform: none\"><span style=\"line-height: 18px\"><\/p>\n<div style=\"text-align: justify\">\n<div style=\"font-family: Arial,Helvetica,sans-serif\"><span style=\"font-size: small\">Depois<b>, Bernardo Moreira <\/b>no contrabaixo,<b> Carlos Manuel Proen\u00e7a<\/b> na viola<b>, Jo\u00e3o Paulo Esteves da Silva <\/b>no piano<b> e Ricardo Dias <\/b>no acorde\u00e3o<b>.<\/b><\/span><\/div>\n<p><\/p>\n<\/div>\n<p><\/span><\/span><\/div>\n<p><\/span><\/span><br \/><span style=\"border-collapse: separate;font-family: 'Times New Roman';font-size: small;font-style: normal;font-variant: normal;font-weight: normal;letter-spacing: normal;line-height: normal;text-indent: 0px;text-transform: none\"><span style=\"font-family: Arial,Tahoma,Helvetica,FreeSans,sans-serif;font-size: 13px;line-height: 18px\"><\/p>\n<div style=\"font-family: Arial,Helvetica,sans-serif;text-align: justify\"><span style=\"border-collapse: separate;font-size: x-small;font-style: normal;font-variant: normal;font-weight: normal;letter-spacing: normal;line-height: normal;text-indent: 0px;text-transform: none\"><span style=\"line-height: 18px\"><\/span><\/span><\/div>\n<p><span style=\"font-size: small\"><span style=\"font-family: Arial,Helvetica,sans-serif\">Para al\u00e9m do CD agora editado, haver\u00e1 ainda uma <b>edi\u00e7\u00e3o especial (CD+DVD)<\/b> que contar\u00e1 com v\u00eddeos de seis dos temas do disco, alguns dos quais j\u00e1 dispon\u00edveis nesta review.<\/span><\/span><\/span><\/span><br \/><span style=\"border-collapse: separate;font-family: 'Times New Roman';font-size: small;font-style: normal;font-variant: normal;font-weight: normal;letter-spacing: normal;line-height: normal;text-indent: 0px;text-transform: none\"><span style=\"font-family: Arial,Tahoma,Helvetica,FreeSans,sans-serif;font-size: 13px;line-height: 18px\"><span style=\"font-size: small\"><span style=\"font-family: Arial,Helvetica,sans-serif\">&nbsp;<\/span><\/span><span style=\"color: #999999;font-family: Verdana;font-size: xx-small\"><br \/><a href=\"http:\/\/www.myspace.com\/cristinabrancooficial\/videos\/a-laurindinha\/107537519\">A Laurindinha<\/a><br \/><br \/><a href=\"http:\/\/www.myspace.com\/cristinabrancooficial\/videos\/a-laurindinha\/107537519\">Cristina Branco<\/a>&nbsp;|&nbsp;<a href=\"http:\/\/www.blogger.com\/video\">V\u00eddeo do Myspace<\/a><\/span><\/span><\/span><\/div>\n<div style=\"text-align: justify\"><span style=\"border-collapse: separate;font-family: 'Times New Roman';font-size: small;font-style: normal;font-variant: normal;font-weight: normal;letter-spacing: normal;line-height: normal;text-indent: 0px;text-transform: none\"><span style=\"font-family: Arial,Tahoma,Helvetica,FreeSans,sans-serif;font-size: 13px;line-height: 18px\"><\/p>\n<div style=\"text-align: justify\">\n<div style=\"font-family: Arial,Helvetica,sans-serif\"><\/div>\n<p><span style=\"font-size: small\"><span style=\"font-family: Arial,Helvetica,sans-serif\">A apresenta\u00e7\u00e3o oficial do \u00e1lbum em <b>Portugal ser\u00e1 no dia 31 de Mar\u00e7o<\/b> com um concerto no <b>Teatro S\u00e3o Luiz, em Lisboa.<\/b> Sendo que est\u00e3o j\u00e1 marcadas actua\u00e7\u00f5es tamb\u00e9m em <b>Estarreja, Santar\u00e9m e Viana do Castelo<\/b>. Mais info no <a href=\"http:\/\/www.myspace.com\/cristinabrancooficial\/shows\">myspace<\/a> da artista.<\/span><\/span><\/div>\n<p><\/span><\/span><\/div>\n<p><span style=\"border-collapse: separate;font-family: 'Times New Roman';font-size: small;font-style: normal;font-variant: normal;font-weight: normal;letter-spacing: normal;line-height: normal;text-indent: 0px;text-transform: none\"><span style=\"font-family: Arial,Tahoma,Helvetica,FreeSans,sans-serif;font-size: 13px;line-height: 18px\"><\/p>\n<div style=\"text-align: justify\"><\/div>\n<p><\/span><\/span><\/div>\n<p><span style=\"border-collapse: separate;font-family: 'Times New Roman';font-size: small;font-style: normal;font-variant: normal;font-weight: normal;letter-spacing: normal;line-height: normal;text-indent: 0px;text-transform: none\"><span style=\"font-family: Arial,Tahoma,Helvetica,FreeSans,sans-serif;font-size: 13px;line-height: 18px\"><\/span><\/span><\/div>","protected":false},"excerpt":{"rendered":"<p>\u00abN\u00e3o h\u00e1 S\u00f3 Tangos em Paris\u00bb \u00e9 o t\u00edtulo do novo \u00e1lbum de&nbsp;Cristina Branco. O disco foi editado a 28 de Fevereiro e demonstra mais uma vez a autenticidade e o brilhantismo de uma das mais importantes vozes de Portugal. Mais uma vez Cristina Branco rodeou-se de autores de excep\u00e7\u00e3o como: Ant\u00f3nio Lobo Antunes, M\u00e1rio<\/p>","protected":false},"author":1,"featured_media":0,"comment_status":"open","ping_status":"open","sticky":false,"template":"","format":"standard","meta":[],"categories":[1],"tags":[],"_links":{"self":[{"href":"https:\/\/www.ecletismomusical.pt\/en\/wp-json\/wp\/v2\/posts\/415"}],"collection":[{"href":"https:\/\/www.ecletismomusical.pt\/en\/wp-json\/wp\/v2\/posts"}],"about":[{"href":"https:\/\/www.ecletismomusical.pt\/en\/wp-json\/wp\/v2\/types\/post"}],"author":[{"embeddable":true,"href":"https:\/\/www.ecletismomusical.pt\/en\/wp-json\/wp\/v2\/users\/1"}],"replies":[{"embeddable":true,"href":"https:\/\/www.ecletismomusical.pt\/en\/wp-json\/wp\/v2\/comments?post=415"}],"version-history":[{"count":0,"href":"https:\/\/www.ecletismomusical.pt\/en\/wp-json\/wp\/v2\/posts\/415\/revisions"}],"wp:attachment":[{"href":"https:\/\/www.ecletismomusical.pt\/en\/wp-json\/wp\/v2\/media?parent=415"}],"wp:term":[{"taxonomy":"category","embeddable":true,"href":"https:\/\/www.ecletismomusical.pt\/en\/wp-json\/wp\/v2\/categories?post=415"},{"taxonomy":"post_tag","embeddable":true,"href":"https:\/\/www.ecletismomusical.pt\/en\/wp-json\/wp\/v2\/tags?post=415"}],"curies":[{"name":"wp","href":"https:\/\/api.w.org\/{rel}","templated":true}]}}