{"id":418,"date":"2011-02-28T15:49:00","date_gmt":"2011-02-28T15:49:00","guid":{"rendered":"https:\/\/ecletismomusical.pt\/npr-music-tiny-desk-concert-local-natives\/"},"modified":"2011-02-28T15:49:00","modified_gmt":"2011-02-28T15:49:00","slug":"npr-music-tiny-desk-concert-local-natives","status":"publish","type":"post","link":"https:\/\/www.ecletismomusical.pt\/en\/npr-music-tiny-desk-concert-local-natives\/","title":{"rendered":"NPR Music Tiny Desk Concert: Local Natives"},"content":{"rendered":"<div style=\"clear: both;text-align: center\"><\/div>\n<p><a href=\"http:\/\/timbretantrum.com\/wp-content\/uploads\/2010\/10\/Local-Natives-by-Jenz.jpg\" style=\"clear: left;float: left;margin-bottom: 1em;margin-right: 1em\"><img height=\"270\" src=\"http:\/\/timbretantrum.com\/wp-content\/uploads\/2010\/10\/Local-Natives-by-Jenz.jpg\" width=\"400\" \/><\/a><\/p>\n<div style=\"text-align: justify\"><span style=\"font-family: Arial, Helvetica, sans-serif\"><span style=\"color: #222222;line-height: 18px\"><br \/>Desta vez foram os excelentes<b>&nbsp;<a href=\"http:\/\/www.thelocalnatives.com\/\">Local Natives<\/a>, que se estrearam em Portugal o ano passado no Festival Optimus Alive (<a href=\"http:\/\/www.youtube.com\/watch?v=5pShQBxsqoI\">recordar a participa\u00e7\u00e3o no Alive<\/a>)<\/b><\/span><span style=\"color: #222222;line-height: 18px\">, a participar no programa da R\u00e1dio P\u00fablica Americana:<\/span><span style=\"color: #222222;line-height: 18px\">&nbsp;<\/span><a href=\"http:\/\/www.npr.org\/series\/tiny-desk-concerts\/\"><span style=\"color: #222222;line-height: 18px\"><b>npr Music Tiny Desk Concert<\/b><\/span><span style=\"color: #222222;line-height: 18px\">.<\/span><\/a><\/span><br \/><span style=\"font-family: Arial, Helvetica, sans-serif\"><a href=\"http:\/\/www.npr.org\/series\/tiny-desk-concerts\/\"><span style=\"color: #222222;line-height: 18px\"><\/span><\/a>.&nbsp;<\/span><\/div>\n<p><iframe allowfullscreen=\"\" frameborder=\"0\" height=\"390\" src=\"http:\/\/www.youtube.com\/embed\/FoyjUYtk30s\" width=\"480\"><\/iframe><\/p>","protected":false},"excerpt":{"rendered":"<p>Desta vez foram os excelentes&nbsp;Local Natives, que se estrearam em Portugal o ano passado no Festival Optimus Alive (recordar a participa\u00e7\u00e3o no Alive), a participar no programa da R\u00e1dio P\u00fablica Americana:&nbsp;npr Music Tiny Desk Concert..&nbsp;<\/p>","protected":false},"author":1,"featured_media":0,"comment_status":"open","ping_status":"open","sticky":false,"template":"","format":"standard","meta":[],"categories":[1],"tags":[],"_links":{"self":[{"href":"https:\/\/www.ecletismomusical.pt\/en\/wp-json\/wp\/v2\/posts\/418"}],"collection":[{"href":"https:\/\/www.ecletismomusical.pt\/en\/wp-json\/wp\/v2\/posts"}],"about":[{"href":"https:\/\/www.ecletismomusical.pt\/en\/wp-json\/wp\/v2\/types\/post"}],"author":[{"embeddable":true,"href":"https:\/\/www.ecletismomusical.pt\/en\/wp-json\/wp\/v2\/users\/1"}],"replies":[{"embeddable":true,"href":"https:\/\/www.ecletismomusical.pt\/en\/wp-json\/wp\/v2\/comments?post=418"}],"version-history":[{"count":0,"href":"https:\/\/www.ecletismomusical.pt\/en\/wp-json\/wp\/v2\/posts\/418\/revisions"}],"wp:attachment":[{"href":"https:\/\/www.ecletismomusical.pt\/en\/wp-json\/wp\/v2\/media?parent=418"}],"wp:term":[{"taxonomy":"category","embeddable":true,"href":"https:\/\/www.ecletismomusical.pt\/en\/wp-json\/wp\/v2\/categories?post=418"},{"taxonomy":"post_tag","embeddable":true,"href":"https:\/\/www.ecletismomusical.pt\/en\/wp-json\/wp\/v2\/tags?post=418"}],"curies":[{"name":"wp","href":"https:\/\/api.w.org\/{rel}","templated":true}]}}