{"id":419,"date":"2011-02-28T13:02:00","date_gmt":"2011-02-28T13:02:00","guid":{"rendered":"https:\/\/ecletismomusical.pt\/the-gift-novo-album\/"},"modified":"2011-02-28T13:02:00","modified_gmt":"2011-02-28T13:02:00","slug":"the-gift-novo-album","status":"publish","type":"post","link":"https:\/\/www.ecletismomusical.pt\/en\/the-gift-novo-album\/","title":{"rendered":"The Gift: Novo \u00c1lbum"},"content":{"rendered":"<div style=\"clear: both;text-align: center\"><a href=\"https:\/\/lh5.googleusercontent.com\/-Cui1ikuQiRM\/TWuVOeugeAI\/AAAAAAAAAJY\/ieG3CcbxxaQ\/s1600\/TheGift_Explode.jpg\" style=\"clear: left;float: left;margin-bottom: 1em;margin-right: 1em\"><img height=\"320\" src=\"https:\/\/lh5.googleusercontent.com\/-Cui1ikuQiRM\/TWuVOeugeAI\/AAAAAAAAAJY\/ieG3CcbxxaQ\/s320\/TheGift_Explode.jpg\" width=\"320\" \/><\/a><\/div>\n<div style=\"text-align: justify\"><span style=\"font-family: Arial, Helvetica, sans-serif\"><\/p>\n<p>Est\u00e1 dispon\u00edvel <b>a partir de hoje a primeira m\u00fasica do novo \u00e1lbum dos <a href=\"http:\/\/www.thegift.pt\/splash\/index.php\">Gift<\/a><\/b> que se chama:&nbsp;<b>Explore<\/b>. A primeira m\u00fasica (que ser\u00e1 a n\u00famero 3 no alinhamento) chama-se <b>RGB e \u00e9 um excelente cart\u00e3o de apresenta\u00e7\u00e3o de mais um extraordin\u00e1rio \u00e1lbum!<\/b> Ser\u00e1 disponibilizada uma m\u00fasica por dia, tal como \u00e9 explicado pela banda:<\/span><\/div>\n<div style=\"text-align: justify\"><span style=\"font-family: Arial, Helvetica, sans-serif\"><br \/><\/span><\/div>\n<div style=\"text-align: justify\"><span style=\"font-family: Arial, Helvetica, sans-serif;font-size: x-small\"><i>&#8220;Explode \u2013 o in\u00edcio<\/i><\/span><\/div>\n<div style=\"text-align: justify\"><span style=\"font-family: Arial, Helvetica, sans-serif;font-size: x-small\"><i>Aqui come\u00e7a.<\/i><\/span><\/div>\n<div style=\"text-align: justify\"><span style=\"font-family: Arial, Helvetica, sans-serif;font-size: x-small\"><i>Aqui come\u00e7amos a mostrar aquilo que hoje somos.<\/i><\/span><\/div>\n<div style=\"text-align: justify\"><span style=\"font-family: Arial, Helvetica, sans-serif;font-size: x-small\"><i>Aqui nos mostramos a todos os que nos l\u00eaem. Todos voc\u00eas que \u00e0s escuras , sem ouvir um \u00fanico acorde, sem lerem uma \u00fanica frase, se inscreveram dando aquilo que vos pareceu justo. Dando aquilo que podiam. Dando aquilo que achavam que deviam dar. Muito ou pouco, obrigado.<\/i><\/span><\/div>\n<div style=\"text-align: justify\"><span style=\"font-family: Arial, Helvetica, sans-serif;font-size: x-small\"><i>Obrigado mesmo por hoje come\u00e7arem a ouvir o nosso novo mundo. A nossa nova voz. A nossa nova vida. \u00c0s escuras pedimos que abram os olhos. \u00c0s escuras vos damos as nossas mil cores&#8230;Obrigado<\/i><\/span><\/div>\n<div style=\"text-align: justify\"><span style=\"font-family: Arial, Helvetica, sans-serif;font-size: x-small\"><i>Explode \u00e9 um disco de uma vida feito para toda a vida. Agora que abrimos as portas do nosso novo disco, achamos por bem explicarmos o seu real significado<\/i><\/span><\/div>\n<div style=\"text-align: justify\"><span style=\"font-family: Arial, Helvetica, sans-serif;font-size: x-small\"><i>Uma explos\u00e3o de cores, de luz, de vida, de nova vida. O disco feito e ouvido representa o disco que sempre sonh\u00e1mos fazer. O disco onde juntamos tudo o que aprendemos, tudo o que lemos, tudo o que vimos, tudo o que ouvimos e em g\u00e9nero de conclus\u00e3o, come\u00e7amos tudo outra vez. Do inicio. Como se hoje 17 anos depois do primeiro ensaio sent\u00edssemos a mesma energia, a mesma for\u00e7a, a mesma confian\u00e7a, a mesma motiva\u00e7\u00e3o.<\/i><\/span><\/div>\n<div style=\"text-align: justify\"><span style=\"font-family: Arial, Helvetica, sans-serif;font-size: x-small\"><i>Grav\u00e1mos a emo\u00e7\u00e3o como se fosse o primeiro disco.<\/i><\/span><\/div>\n<div style=\"text-align: justify\"><span style=\"font-family: Arial, Helvetica, sans-serif;font-size: x-small\"><i>Grav\u00e1mos a emo\u00e7\u00e3o como se fosse o \u00faltimo disco.<\/i><\/span><\/div>\n<div style=\"text-align: justify\"><span style=\"font-family: Arial, Helvetica, sans-serif;font-size: x-small\"><i>E assim come\u00e7a.<\/i><\/span><\/div>\n<div style=\"text-align: justify\"><span style=\"font-family: Arial, Helvetica, sans-serif;font-size: x-small\"><i>The Gift&#8221;<\/i><\/span><\/div>\n<div style=\"text-align: justify\"><span style=\"font-family: Arial, Helvetica, sans-serif;font-size: x-small\"><i><br \/><\/i><\/span><\/div>\n<div style=\"text-align: justify\"><span style=\"font-family: Arial, Helvetica, sans-serif\"><i>A<\/i><b>qui ficam os primeiros 2:30 da primeira m\u00fasica disponibilizada:<span style=\"font-size: x-small\"> (<\/span><\/b><b><span style=\"font-size: xx-small\">Pretende-se apenas apresentar a m\u00fasica, disponibilizando-se apenas um excerto para audi\u00e7\u00e3o dos utilizadores do EM<\/span><span style=\"font-size: x-small\">.)<\/span><\/b><\/span><\/div>\n<div style=\"text-align: justify\"><span style=\"font-family: Arial, Helvetica, sans-serif\"><i><span style=\"font-size: x-small\"><br \/><\/span><\/i><\/span><\/div>\n<p>  <a href=\"http:\/\/soundcloud.com\/ecletismomusical\/the-gift-rgb\">The Gift &#8211; RGB<\/a> by <a href=\"http:\/\/soundcloud.com\/ecletismomusical\">ecletismomusical<\/a><\/p>","protected":false},"excerpt":{"rendered":"<p>Est\u00e1 dispon\u00edvel a partir de hoje a primeira m\u00fasica do novo \u00e1lbum dos Gift que se chama:&nbsp;Explore. A primeira m\u00fasica (que ser\u00e1 a n\u00famero 3 no alinhamento) chama-se RGB e \u00e9 um excelente cart\u00e3o de apresenta\u00e7\u00e3o de mais um extraordin\u00e1rio \u00e1lbum! Ser\u00e1 disponibilizada uma m\u00fasica por dia, tal como \u00e9 explicado pela banda: &#8220;Explode \u2013<\/p>","protected":false},"author":1,"featured_media":0,"comment_status":"open","ping_status":"open","sticky":false,"template":"","format":"standard","meta":[],"categories":[1],"tags":[],"_links":{"self":[{"href":"https:\/\/www.ecletismomusical.pt\/en\/wp-json\/wp\/v2\/posts\/419"}],"collection":[{"href":"https:\/\/www.ecletismomusical.pt\/en\/wp-json\/wp\/v2\/posts"}],"about":[{"href":"https:\/\/www.ecletismomusical.pt\/en\/wp-json\/wp\/v2\/types\/post"}],"author":[{"embeddable":true,"href":"https:\/\/www.ecletismomusical.pt\/en\/wp-json\/wp\/v2\/users\/1"}],"replies":[{"embeddable":true,"href":"https:\/\/www.ecletismomusical.pt\/en\/wp-json\/wp\/v2\/comments?post=419"}],"version-history":[{"count":0,"href":"https:\/\/www.ecletismomusical.pt\/en\/wp-json\/wp\/v2\/posts\/419\/revisions"}],"wp:attachment":[{"href":"https:\/\/www.ecletismomusical.pt\/en\/wp-json\/wp\/v2\/media?parent=419"}],"wp:term":[{"taxonomy":"category","embeddable":true,"href":"https:\/\/www.ecletismomusical.pt\/en\/wp-json\/wp\/v2\/categories?post=419"},{"taxonomy":"post_tag","embeddable":true,"href":"https:\/\/www.ecletismomusical.pt\/en\/wp-json\/wp\/v2\/tags?post=419"}],"curies":[{"name":"wp","href":"https:\/\/api.w.org\/{rel}","templated":true}]}}