{"id":422,"date":"2011-02-21T17:50:00","date_gmt":"2011-02-21T17:50:00","guid":{"rendered":"https:\/\/ecletismomusical.pt\/esperanza-spalding-chamber-music-society\/"},"modified":"2011-02-21T17:50:00","modified_gmt":"2011-02-21T17:50:00","slug":"esperanza-spalding-chamber-music-society","status":"publish","type":"post","link":"https:\/\/www.ecletismomusical.pt\/en\/esperanza-spalding-chamber-music-society\/","title":{"rendered":"Esperanza Spalding &#8211; Chamber Music Society"},"content":{"rendered":"<div style=\"clear: both;text-align: center\"><a href=\"http:\/\/www.headsup.com\/mediakit\/31810\/downloads\/ChamberMusicSociety.jpg\" style=\"clear: left;float: left;margin-bottom: 1em;margin-right: 1em\"><img height=\"293\" src=\"http:\/\/www.headsup.com\/mediakit\/31810\/downloads\/ChamberMusicSociety.jpg\" width=\"320\" \/><\/a><\/div>\n<p><\/p>\n<div style=\"text-align: justify\"><span style=\"font-family: Arial, Helvetica, sans-serif\"><br \/>Foi em <b>2008<\/b>, atrav\u00e9s de um fant\u00e1stico cover de <b>\u00abPonta de Areia\u00bb<\/b> de <b>Milton Nascimento<\/b> que o <b>Eclectismo Musical<\/b> tomou contacto pela primeira vez com o enorme talento de <b><a href=\"http:\/\/www.esperanzaspalding.com\/\">Esperanza Spalding<\/a><\/b>. A primeira reac\u00e7\u00e3o foi:&#8221;Quem \u00e9 esta nova cantora brasileira?&#8221;.<\/span><br \/><span style=\"font-family: Arial, Helvetica, sans-serif\"><br \/><\/span><\/div>\n<p><iframe allowfullscreen=\"\" frameborder=\"0\" height=\"390\" src=\"http:\/\/www.youtube.com\/embed\/wpvQUzPdBLY\" width=\"480\"><\/iframe><\/p>\n<div style=\"text-align: justify\"><span style=\"font-family: Arial, Helvetica, sans-serif\"><br \/><\/span><br \/><span style=\"font-family: Arial, Helvetica, sans-serif\">A consequente investiga\u00e7\u00e3o traduziu-se numa gigante surpresa uma vez que <b><a href=\"http:\/\/www.esperanzaspalding.com\/\">Esperanza<\/a><\/b> nasceu num \u00abguetto\u00bb de Portland tendo alma afro-americana e o esp\u00edrito latino. \u00c9 trilingue, falando e cantando em ingl\u00eas, espanhol e portugu\u00eas.&nbsp;<\/span><br \/><span style=\"font-family: Arial, Helvetica, sans-serif\"><br \/><\/span><\/p>\n<div style=\"clear: both;text-align: center\"><a href=\"http:\/\/2.bp.blogspot.com\/_WrN-iqsJHHk\/TS3f5-UDb5I\/AAAAAAAAAEQ\/vCH_yGDtoAI\/s1600\/esperanza_spalding.jpg\" style=\"clear: left;float: left;margin-bottom: 1em;margin-right: 1em\"><img height=\"320\" src=\"http:\/\/2.bp.blogspot.com\/_WrN-iqsJHHk\/TS3f5-UDb5I\/AAAAAAAAAEQ\/vCH_yGDtoAI\/s400\/esperanza_spalding.jpg\" width=\"400\" \/><\/a><\/div>\n<p><span style=\"font-family: Arial, Helvetica, sans-serif\"><br \/><\/span><br \/><span style=\"font-family: Arial, Helvetica, sans-serif\"><br \/><\/span><br \/><span style=\"font-family: Arial, Helvetica, sans-serif\"><br \/><\/span><br \/><span style=\"font-family: Arial, Helvetica, sans-serif\"><\/p>\n<p>Mas, para <b><a href=\"http:\/\/www.esperanzaspalding.com\/\">Esperanza<\/a><\/b>, isso n\u00e3o era suficiente, pelo que escolheu como seu instrumento de elei\u00e7\u00e3o (que toca ao mesmo tempo que interpreta), o complicado contrabaixo!<\/span><br \/><span style=\"font-family: Arial, Helvetica, sans-serif\"><br \/><\/span><\/div>\n<p><iframe allowfullscreen=\"\" frameborder=\"0\" height=\"390\" src=\"http:\/\/www.youtube.com\/embed\/sBZa7-2bG2I\" width=\"480\"><\/iframe><\/p>\n<div style=\"text-align: justify\"><span style=\"font-family: Arial, Helvetica, sans-serif\">A semana passada ganhou, para espanto de muitos distra\u00eddos, o <b>GRAMMY para revela\u00e7\u00e3o de 2010, pelo seu \u00e1lbum Chamber Music Society, <\/b>o que provocou a ira dos &#8220;f\u00e3s&#8221; de Bieber<b>.<\/b>&nbsp;Puro deleite para os ouvidos&#8230;<\/span><\/div>","protected":false},"excerpt":{"rendered":"<p>Foi em 2008, atrav\u00e9s de um fant\u00e1stico cover de \u00abPonta de Areia\u00bb de Milton Nascimento que o Eclectismo Musical tomou contacto pela primeira vez com o enorme talento de Esperanza Spalding. A primeira reac\u00e7\u00e3o foi:&#8221;Quem \u00e9 esta nova cantora brasileira?&#8221;. A consequente investiga\u00e7\u00e3o traduziu-se numa gigante surpresa uma vez que Esperanza nasceu num \u00abguetto\u00bb de<\/p>","protected":false},"author":1,"featured_media":0,"comment_status":"open","ping_status":"open","sticky":false,"template":"","format":"standard","meta":[],"categories":[1],"tags":[],"_links":{"self":[{"href":"https:\/\/www.ecletismomusical.pt\/en\/wp-json\/wp\/v2\/posts\/422"}],"collection":[{"href":"https:\/\/www.ecletismomusical.pt\/en\/wp-json\/wp\/v2\/posts"}],"about":[{"href":"https:\/\/www.ecletismomusical.pt\/en\/wp-json\/wp\/v2\/types\/post"}],"author":[{"embeddable":true,"href":"https:\/\/www.ecletismomusical.pt\/en\/wp-json\/wp\/v2\/users\/1"}],"replies":[{"embeddable":true,"href":"https:\/\/www.ecletismomusical.pt\/en\/wp-json\/wp\/v2\/comments?post=422"}],"version-history":[{"count":0,"href":"https:\/\/www.ecletismomusical.pt\/en\/wp-json\/wp\/v2\/posts\/422\/revisions"}],"wp:attachment":[{"href":"https:\/\/www.ecletismomusical.pt\/en\/wp-json\/wp\/v2\/media?parent=422"}],"wp:term":[{"taxonomy":"category","embeddable":true,"href":"https:\/\/www.ecletismomusical.pt\/en\/wp-json\/wp\/v2\/categories?post=422"},{"taxonomy":"post_tag","embeddable":true,"href":"https:\/\/www.ecletismomusical.pt\/en\/wp-json\/wp\/v2\/tags?post=422"}],"curies":[{"name":"wp","href":"https:\/\/api.w.org\/{rel}","templated":true}]}}