{"id":424,"date":"2011-02-19T16:18:00","date_gmt":"2011-02-19T16:18:00","guid":{"rendered":"https:\/\/ecletismomusical.pt\/cristina-branco-novo-album-a-28-de-fevereiro\/"},"modified":"2011-02-19T16:18:00","modified_gmt":"2011-02-19T16:18:00","slug":"cristina-branco-novo-album-a-28-de-fevereiro","status":"publish","type":"post","link":"https:\/\/www.ecletismomusical.pt\/en\/cristina-branco-novo-album-a-28-de-fevereiro\/","title":{"rendered":"Cristina Branco: Novo \u00e1lbum a 28 de Fevereiro"},"content":{"rendered":"<div style=\"clear: both;text-align: center\"><a href=\"http:\/\/aeiou.expresso.pt\/imv\/0\/443\/570\/cristinabrancodigipakcapapt-8a6e.jpg\" style=\"clear: left;float: left;margin-bottom: 1em;margin-right: 1em\"><img height=\"288\" src=\"http:\/\/aeiou.expresso.pt\/imv\/0\/443\/570\/cristinabrancodigipakcapapt-8a6e.jpg\" width=\"320\" \/><\/a><\/div>\n<p><\/p>\n<div style=\"border-bottom-width: 0px;border-color: initial;border-left-width: 0px;border-right-width: 0px;border-style: initial;border-top-width: 0px;font: normal normal normal 12px\/normal Arial;margin-bottom: 10px !important;margin-left: 0px;margin-right: 0px;margin-top: 0px !important;padding-bottom: 10px;padding-left: 0px;padding-right: 0px;padding-top: 0px;text-align: left;text-decoration: none\">\n<div style=\"text-align: justify\"><span style=\"color: #333333\"><span style=\"font-size: small\"><br \/>O&nbsp;<\/span><span style=\"font-family: Arial, Helvetica, sans-serif;font-size: small\">novo disco de <b><a href=\"http:\/\/www.cristinabranco.com\/\">Cristina Branco<\/a>:<\/b>&nbsp;<\/span><\/span><span style=\"font-family: Arial, Helvetica, sans-serif;font-size: small\"><b>\u00abN\u00e3o h\u00e1 S\u00f3 Tangos em Paris\u00bb<\/b>, ser\u00e1 editado no<b> dia 28 de Fevereiro<\/b>. Para j\u00e1, est\u00e1 dispon\u00edvel o tema t\u00edtulo do novo \u00e1lbum que volta a apresentar, muito mais do que uma Fadista, uma extraordin\u00e1ria cantora do mundo.<\/span><\/div>\n<\/div>\n<p><iframe allowfullscreen=\"\" frameborder=\"0\" height=\"390\" src=\"http:\/\/www.youtube.com\/embed\/gPZYcLcshGk\" width=\"480\"><\/iframe><\/p>","protected":false},"excerpt":{"rendered":"<p>O&nbsp;novo disco de Cristina Branco:&nbsp;\u00abN\u00e3o h\u00e1 S\u00f3 Tangos em Paris\u00bb, ser\u00e1 editado no dia 28 de Fevereiro. Para j\u00e1, est\u00e1 dispon\u00edvel o tema t\u00edtulo do novo \u00e1lbum que volta a apresentar, muito mais do que uma Fadista, uma extraordin\u00e1ria cantora do mundo.<\/p>","protected":false},"author":1,"featured_media":0,"comment_status":"open","ping_status":"open","sticky":false,"template":"","format":"standard","meta":[],"categories":[1],"tags":[],"_links":{"self":[{"href":"https:\/\/www.ecletismomusical.pt\/en\/wp-json\/wp\/v2\/posts\/424"}],"collection":[{"href":"https:\/\/www.ecletismomusical.pt\/en\/wp-json\/wp\/v2\/posts"}],"about":[{"href":"https:\/\/www.ecletismomusical.pt\/en\/wp-json\/wp\/v2\/types\/post"}],"author":[{"embeddable":true,"href":"https:\/\/www.ecletismomusical.pt\/en\/wp-json\/wp\/v2\/users\/1"}],"replies":[{"embeddable":true,"href":"https:\/\/www.ecletismomusical.pt\/en\/wp-json\/wp\/v2\/comments?post=424"}],"version-history":[{"count":0,"href":"https:\/\/www.ecletismomusical.pt\/en\/wp-json\/wp\/v2\/posts\/424\/revisions"}],"wp:attachment":[{"href":"https:\/\/www.ecletismomusical.pt\/en\/wp-json\/wp\/v2\/media?parent=424"}],"wp:term":[{"taxonomy":"category","embeddable":true,"href":"https:\/\/www.ecletismomusical.pt\/en\/wp-json\/wp\/v2\/categories?post=424"},{"taxonomy":"post_tag","embeddable":true,"href":"https:\/\/www.ecletismomusical.pt\/en\/wp-json\/wp\/v2\/tags?post=424"}],"curies":[{"name":"wp","href":"https:\/\/api.w.org\/{rel}","templated":true}]}}