{"id":4242,"date":"2019-02-25T11:51:35","date_gmt":"2019-02-25T11:51:35","guid":{"rendered":"https:\/\/www.ecletismomusical.pt\/?p=4242"},"modified":"2019-02-25T11:52:12","modified_gmt":"2019-02-25T11:52:12","slug":"festival-da-cancao-2019-finalistas","status":"publish","type":"post","link":"https:\/\/www.ecletismomusical.pt\/en\/festival-da-cancao-2019-finalistas\/","title":{"rendered":"[Festival da Can\u00e7\u00e3o 2019] Finalistas"},"content":{"rendered":"<p>A 23 de Janeiro, o <strong>Musical Eclecticism<\/strong> fez um post sobre o Festival onde apresentava os seus destaques deste ano: <a href=\"https:\/\/www.ecletismomusical.pt\/en\/festival-festival-da-cancao-2019-destaques\/\">https:\/\/www.ecletismomusical.pt\/festival-festival-da-cancao-2019-destaques\/<\/a><\/p>\n\n\n\n<p>L\u00e1, eram destacados:<br><strong>Conan Osiris, Mariana Bragada, NBC, Surma e Ela Lim\u00e3o.<\/strong><\/p>\n\n\n\n<p>Dos 5 nomes apresentados, s\u00f3 um n\u00e3o estar\u00e1 nos 8 finalistas!<\/p>\n\n\n\n<div class=\"wp-block-embed__wrapper\">\n<iframe width=\"900\" height=\"506\" src=\"https:\/\/www.youtube.com\/embed\/RRbrL_eXGZg?feature=oembed\" frameborder=\"0\" allowfullscreen><\/iframe>\n<\/div>\n\n\n\n<div class=\"wp-block-embed__wrapper\">\n<iframe width=\"900\" height=\"506\" src=\"https:\/\/www.youtube.com\/embed\/2zWefk5vuSg?feature=oembed\" frameborder=\"0\" allowfullscreen><\/iframe>\n<\/div>\n\n\n\n<div class=\"wp-block-embed__wrapper\">\n<iframe width=\"900\" height=\"506\" src=\"https:\/\/www.youtube.com\/embed\/Av2G5If5qQE?feature=oembed\" frameborder=\"0\" allowfullscreen><\/iframe>\n<\/div>\n\n\n\n<div class=\"wp-block-embed__wrapper\">\n<iframe width=\"900\" height=\"506\" src=\"https:\/\/www.youtube.com\/embed\/T7i-5gDvoow?feature=oembed\" frameborder=\"0\" allowfullscreen><\/iframe>\n<\/div>\n\n\n\n<p><br><br><br><br><\/p>","protected":false},"excerpt":{"rendered":"<p>A 23 de Janeiro, o Ecletismo Musical fez um post sobre o Festival onde apresentava os seus destaques deste ano: https:\/\/www.ecletismomusical.pt\/festival-festival-da-cancao-2019-destaques\/ L\u00e1, eram destacados:Conan Osiris, Mariana Bragada, NBC, Surma e Ela Lim\u00e3o. Dos 5 nomes apresentados, s\u00f3 um n\u00e3o estar\u00e1 nos 8 finalistas!<\/p>","protected":false},"author":3,"featured_media":4074,"comment_status":"open","ping_status":"open","sticky":false,"template":"","format":"standard","meta":[],"categories":[118],"tags":[284],"_links":{"self":[{"href":"https:\/\/www.ecletismomusical.pt\/en\/wp-json\/wp\/v2\/posts\/4242"}],"collection":[{"href":"https:\/\/www.ecletismomusical.pt\/en\/wp-json\/wp\/v2\/posts"}],"about":[{"href":"https:\/\/www.ecletismomusical.pt\/en\/wp-json\/wp\/v2\/types\/post"}],"author":[{"embeddable":true,"href":"https:\/\/www.ecletismomusical.pt\/en\/wp-json\/wp\/v2\/users\/3"}],"replies":[{"embeddable":true,"href":"https:\/\/www.ecletismomusical.pt\/en\/wp-json\/wp\/v2\/comments?post=4242"}],"version-history":[{"count":1,"href":"https:\/\/www.ecletismomusical.pt\/en\/wp-json\/wp\/v2\/posts\/4242\/revisions"}],"predecessor-version":[{"id":4243,"href":"https:\/\/www.ecletismomusical.pt\/en\/wp-json\/wp\/v2\/posts\/4242\/revisions\/4243"}],"wp:featuredmedia":[{"embeddable":true,"href":"https:\/\/www.ecletismomusical.pt\/en\/wp-json\/wp\/v2\/media\/4074"}],"wp:attachment":[{"href":"https:\/\/www.ecletismomusical.pt\/en\/wp-json\/wp\/v2\/media?parent=4242"}],"wp:term":[{"taxonomy":"category","embeddable":true,"href":"https:\/\/www.ecletismomusical.pt\/en\/wp-json\/wp\/v2\/categories?post=4242"},{"taxonomy":"post_tag","embeddable":true,"href":"https:\/\/www.ecletismomusical.pt\/en\/wp-json\/wp\/v2\/tags?post=4242"}],"curies":[{"name":"wp","href":"https:\/\/api.w.org\/{rel}","templated":true}]}}