{"id":426,"date":"2011-02-18T20:30:00","date_gmt":"2011-02-18T20:30:00","guid":{"rendered":"https:\/\/ecletismomusical.pt\/emily-jane-white-ode-to-sentience\/"},"modified":"2011-02-18T20:30:00","modified_gmt":"2011-02-18T20:30:00","slug":"emily-jane-white-ode-to-sentience","status":"publish","type":"post","link":"https:\/\/www.ecletismomusical.pt\/en\/emily-jane-white-ode-to-sentience\/","title":{"rendered":"Emily Jane White &#8211; Ode to Sentience"},"content":{"rendered":"<div style=\"clear: both;text-align: center\"><a href=\"http:\/\/ecx.images-amazon.com\/images\/I\/51a6khVR1fL._SL500_AA300_.jpg\" style=\"clear: left;float: left;margin-bottom: 1em;margin-right: 1em\"><img src=\"http:\/\/ecx.images-amazon.com\/images\/I\/51a6khVR1fL._SL500_AA300_.jpg\" \/><\/a><\/div>\n<p><\/p>\n<div style=\"text-align: justify\"><span style=\"font-family: Arial, Helvetica, sans-serif\"><\/p>\n<p>L\u00e1 fora o vento faz rodopiar os grossos pingos de chuva que teimam em procurar o conforto da terra macia. C\u00e1 dentro o ambiente \u00e9 aquecido pelo poder do fogo que arde confinado ao seu espa\u00e7o restrito e totalmente dominado pela encantadora voz de <b><a href=\"http:\/\/www.emilyjanewhite.com\/\">Emily Jane White<\/a><\/b> e a sua mais recente Ode. O seu terceiro \u00e1lbum em tr\u00eas anos.<\/span><\/div>\n<p><span style=\"font-family: Arial, Helvetica, sans-serif\"><br \/><\/span><br \/><span style=\"font-family: Arial, Helvetica, sans-serif\"><iframe allowfullscreen=\"\" frameborder=\"0\" height=\"390\" src=\"http:\/\/www.youtube.com\/embed\/u_2uK8-ZOyE\" width=\"480\"><\/iframe><\/span><br \/><span style=\"font-family: Arial, Helvetica, sans-serif\"><br \/><\/span><\/p>\n<div style=\"text-align: justify\"><span style=\"font-family: Arial, Helvetica, sans-serif\">Mas n\u00e3o se pense que o universo de <a href=\"http:\/\/www.emilyjanewhite.com\/\">Emily<\/a> \u00e9 cheios de flores e paisagens buc\u00f3licas. As refer\u00eancias vagueiam entre a morte, Deus, o Diabo e alguns fantasmas. Onde est\u00e1 o fasc\u00ednio? No facto de Emily ter a capacidade de transformar estes ambientes darks e pesados em doces e serenas p\u00e9rolas.<\/span><\/div>\n<p><iframe allowfullscreen=\"\" frameborder=\"0\" height=\"390\" src=\"http:\/\/www.youtube.com\/embed\/G-fJcO52LFw\" width=\"480\"><\/iframe><span style=\"color: #555555;font-family: Tahoma, Verdana\"><span style=\"font-size: 12px;line-height: 18px\"><br \/><\/span><\/span><\/p>","protected":false},"excerpt":{"rendered":"<p>L\u00e1 fora o vento faz rodopiar os grossos pingos de chuva que teimam em procurar o conforto da terra macia. C\u00e1 dentro o ambiente \u00e9 aquecido pelo poder do fogo que arde confinado ao seu espa\u00e7o restrito e totalmente dominado pela encantadora voz de Emily Jane White e a sua mais recente Ode. O seu<\/p>","protected":false},"author":1,"featured_media":0,"comment_status":"open","ping_status":"open","sticky":false,"template":"","format":"standard","meta":[],"categories":[1],"tags":[],"_links":{"self":[{"href":"https:\/\/www.ecletismomusical.pt\/en\/wp-json\/wp\/v2\/posts\/426"}],"collection":[{"href":"https:\/\/www.ecletismomusical.pt\/en\/wp-json\/wp\/v2\/posts"}],"about":[{"href":"https:\/\/www.ecletismomusical.pt\/en\/wp-json\/wp\/v2\/types\/post"}],"author":[{"embeddable":true,"href":"https:\/\/www.ecletismomusical.pt\/en\/wp-json\/wp\/v2\/users\/1"}],"replies":[{"embeddable":true,"href":"https:\/\/www.ecletismomusical.pt\/en\/wp-json\/wp\/v2\/comments?post=426"}],"version-history":[{"count":0,"href":"https:\/\/www.ecletismomusical.pt\/en\/wp-json\/wp\/v2\/posts\/426\/revisions"}],"wp:attachment":[{"href":"https:\/\/www.ecletismomusical.pt\/en\/wp-json\/wp\/v2\/media?parent=426"}],"wp:term":[{"taxonomy":"category","embeddable":true,"href":"https:\/\/www.ecletismomusical.pt\/en\/wp-json\/wp\/v2\/categories?post=426"},{"taxonomy":"post_tag","embeddable":true,"href":"https:\/\/www.ecletismomusical.pt\/en\/wp-json\/wp\/v2\/tags?post=426"}],"curies":[{"name":"wp","href":"https:\/\/api.w.org\/{rel}","templated":true}]}}