{"id":427,"date":"2011-02-17T18:49:00","date_gmt":"2011-02-17T18:49:00","guid":{"rendered":"https:\/\/ecletismomusical.pt\/1-milhao\/"},"modified":"2011-02-17T18:49:00","modified_gmt":"2011-02-17T18:49:00","slug":"1-milhao","status":"publish","type":"post","link":"https:\/\/www.ecletismomusical.pt\/en\/1-milhao\/","title":{"rendered":"1 MILH\u00c3O!!!"},"content":{"rendered":"<div style=\"clear: both;text-align: center\"><a href=\"http:\/\/1.bp.blogspot.com\/-rqnkSeLgzbQ\/TVwSy5lIF9I\/AAAAAAAAAJM\/BgGaOSbJvWg\/s1600\/work_one-million.jpg\" style=\"clear: left;float: left;margin-bottom: 1em;margin-right: 1em\"><img height=\"264\" src=\"http:\/\/1.bp.blogspot.com\/-rqnkSeLgzbQ\/TVwSy5lIF9I\/AAAAAAAAAJM\/BgGaOSbJvWg\/s320\/work_one-million.jpg\" width=\"320\" \/><\/a><\/div>\n<p><span style=\"font-family: Arial, Helvetica, sans-serif\"><br \/><\/span><\/p>\n<div style=\"text-align: justify\"><span style=\"font-family: Arial, Helvetica, sans-serif\"><span style=\"font-family: 'Times New Roman'\"><span style=\"font-family: Arial, Helvetica, sans-serif\"><\/p>\n<p>O canal do <\/span><\/span><span style=\"font-family: 'Times New Roman'\"><a href=\"http:\/\/www.youtube.com\/user\/EclectismoM\" style=\"font-family: Arial, Helvetica, sans-serif\">Eclectismo Musical no Youtube<\/a><\/span><span style=\"font-family: 'Times New Roman'\"><span style=\"font-family: Arial, Helvetica, sans-serif\">, que conta com 333 videos adicionados, ultrapassou a cifra de&nbsp;<\/span><\/span><span style=\"font-family: 'Times New Roman'\"><b style=\"font-family: Arial, Helvetica, sans-serif\"><span style=\"font-size: large\">UM MILH\u00c3O de visualiza\u00e7\u00f5es!<\/span><span style=\"font-size: large\">!<\/span><\/b><\/span><span style=\"font-family: 'Times New Roman'\"><span style=\"font-family: Arial, Helvetica, sans-serif\"> Os v\u00eddeos relativos aos Festivais: <\/span><\/span><span style=\"font-family: 'Times New Roman'\"><b style=\"font-family: Arial, Helvetica, sans-serif\">Optimus&nbsp;Alive &#8217;10 e Super Bock Super Rock 2010<\/b><\/span><span style=\"font-family: 'Times New Roman'\"><span style=\"font-family: Arial, Helvetica, sans-serif\">, juntamente com o concerto dos <\/span><\/span><span style=\"font-family: 'Times New Roman'\"><b style=\"font-family: Arial, Helvetica, sans-serif\">Muse de 2009 no Pavilh\u00e3o Atl\u00e2ntico<\/b><\/span><span style=\"font-family: 'Times New Roman'\"><span style=\"font-family: Arial, Helvetica, sans-serif\">, s\u00e3o os principais motores destes n\u00fameros!<\/span><\/span><\/span><\/div>\n<div style=\"text-align: justify\">\n<div style=\"clear: both;text-align: center\"><a href=\"http:\/\/1.bp.blogspot.com\/-OmqFQVLa4j4\/TVwUb-e3K1I\/AAAAAAAAAJQ\/GiFWVeBPBKs\/s1600\/1+Milh%25C3%25A3o.jpg\" style=\"clear: left;float: left;margin-bottom: 1em;margin-right: 1em\"><span style=\"font-family: Arial, Helvetica, sans-serif\"><img height=\"200\" src=\"http:\/\/1.bp.blogspot.com\/-OmqFQVLa4j4\/TVwUb-e3K1I\/AAAAAAAAAJQ\/GiFWVeBPBKs\/s200\/1+Milh%25C3%25A3o.jpg\" width=\"158\" \/><\/span><\/a><\/div>\n<p><span style=\"font-family: Arial, Helvetica, sans-serif\">Foi no dia <\/span><span style=\"font-family: Arial, Helvetica, sans-serif\"><b>23 de Julho de 2008<\/b><\/span><span style=\"font-family: Arial, Helvetica, sans-serif\"> que nasceu o <\/span><span style=\"font-family: Arial, Helvetica, sans-serif\"><b>canal Youtube do Eclectismo Musical<\/b><\/span><span style=\"font-family: Arial, Helvetica, sans-serif\"> sendo que a estreia foi logo em grande: J<\/span><span style=\"font-family: Arial, Helvetica, sans-serif\"><b>orge Palma &#8211; A Gente Vai Continuar<\/b><\/span><span style=\"font-family: Arial, Helvetica, sans-serif\"> (Ao vivo no Festival Delta Tejo 2008)<\/span><span style=\"font-family: Arial, Helvetica, sans-serif\">&nbsp;<iframe allowfullscreen=\"\" frameborder=\"0\" height=\"195\" src=\"http:\/\/www.youtube.com\/embed\/vtEaBvnDDfU\" width=\"240\"><\/iframe><\/span><br \/><span style=\"font-family: Arial, Helvetica, sans-serif\"><br \/>&nbsp;Nos dias imediatamente seguintes foram colocados dois videos que tiveram algum sucesso:<\/p>\n<p><iframe allowfullscreen=\"\" frameborder=\"0\" height=\"195\" src=\"http:\/\/www.youtube.com\/embed\/E7g-L-2otuI\" width=\"240\"><\/iframe><iframe allowfullscreen=\"\" frameborder=\"0\" height=\"195\" src=\"http:\/\/www.youtube.com\/embed\/-xTYZqU-tEk\" width=\"240\"><\/iframe><\/p>\n<p>Em <b>Outubro de 2008<\/b> foi a primeira vez em que um video do <b>Eclectismo Musical<\/b> foi utilizado para ilustrar uma not\u00edcia da <b>revista Blitz:<\/b> <b>Tiago Bettencourt &#8211; Chaga &amp; Campo<\/b> (Coliseu Lisboa 18\/10\/08) e desse mesmo dia, destaque especial para <b>Aimee Mann &#8211; Deathly.<\/b><\/span><br \/><span style=\"font-family: Arial, Helvetica, sans-serif\"><b><br \/><\/b>&nbsp;<iframe allowfullscreen=\"\" frameborder=\"0\" height=\"195\" src=\"http:\/\/www.youtube.com\/embed\/5bUYy3P0qHA\" width=\"240\"><\/iframe><iframe allowfullscreen=\"\" frameborder=\"0\" height=\"195\" src=\"http:\/\/www.youtube.com\/embed\/_pr8rUpA064\" width=\"240\"><\/iframe><\/p>\n<p>Em <b>Junho de 2009<\/b>, a\/os <b>Deolinda<\/b>, ent\u00e3o j\u00e1 um fen\u00f3meno, convidou a <b>Cristina Branco<\/b> para um concerto memor\u00e1vel no <b>Castelo de S\u00e3o Jorge, em Lisboa<\/b>. O <b>Eclectismo Musical<\/b> colocou online o <b>concerto inteiro.<\/b><\/span><br \/><span style=\"font-family: Arial, Helvetica, sans-serif\"><b><br \/><\/b><iframe allowfullscreen=\"\" frameborder=\"0\" height=\"195\" src=\"http:\/\/www.youtube.com\/embed\/iYDkZG1pGdc\" width=\"240\"><\/iframe><iframe allowfullscreen=\"\" frameborder=\"0\" height=\"195\" src=\"http:\/\/www.youtube.com\/embed\/-iEV97eiTVo\" width=\"240\"><\/iframe><\/p>\n<p>Em <b>Agosto de 2009<\/b>, o <b>Eclectismo Musical<\/b> teve oportunidade de registar um momento hist\u00f3rico que veio inclusivamente a ser solicitado pelo <b>Paulo Furtado (Legendary Tigerman)<\/b> a pedido da pr\u00f3pria <b>Rita Redshoes<\/b>, uma vez que foi o \u00fanico registo do seu encontro com o icone Daniel Bacelar:<\/span><br \/><span style=\"font-family: Arial, Helvetica, sans-serif\"><br \/><iframe allowfullscreen=\"\" frameborder=\"0\" height=\"195\" src=\"http:\/\/www.youtube.com\/embed\/huOZwi1mxD8\" width=\"240\"><\/iframe><iframe allowfullscreen=\"\" frameborder=\"0\" height=\"195\" src=\"http:\/\/www.youtube.com\/embed\/ILNeBK311Y0\" width=\"240\"><\/iframe><\/p>\n<p>Ainda em Agosto de 2009, o <b>EM<\/b> filmou o concerto das <b>Au Revoir Simone<\/b> no <b>Festival Sudoeste<\/b>, onde houve momentos como estes:<\/span><br \/><span style=\"font-family: Arial, Helvetica, sans-serif\"><br \/>&nbsp;<iframe allowfullscreen=\"\" frameborder=\"0\" height=\"195\" src=\"http:\/\/www.youtube.com\/embed\/34zBOzjmSxg\" width=\"240\"><\/iframe><iframe allowfullscreen=\"\" frameborder=\"0\" height=\"195\" src=\"http:\/\/www.youtube.com\/embed\/pcVoap7p6XI\" width=\"240\"><\/iframe><\/p>\n<p>No final de <b>Setembro de 2009<\/b>, mais uma vez, o <b>Eclectismo Musical<\/b> foi <b>refer\u00eancia na imprensa, redes sociais e blogs <\/b>por causa dos videos do fant\u00e1stico concerto dos <b>Xutos &amp; Pontap\u00e9s no Est\u00e1dio do Restelo:<\/b><\/span><br \/><span style=\"font-family: Arial, Helvetica, sans-serif\"><b><\/b><br \/><b><iframe allowfullscreen=\"\" frameborder=\"0\" height=\"195\" src=\"http:\/\/www.youtube.com\/embed\/4gvcIP2P5X4\" width=\"240\"><\/iframe><iframe allowfullscreen=\"\" frameborder=\"0\" height=\"195\" src=\"http:\/\/www.youtube.com\/embed\/wJAzEuzdClM\" width=\"240\"><\/iframe><\/b><\/p>\n<p>E foi ent\u00e3o que chegou <b>Novembro de 2009<\/b>. No dia 29, os <b>Muse<\/b> deram um concerto fant\u00e1stico e inesquec\u00edvel no <b>Pavilh\u00e3o Atl\u00e2ntico, em Lisboa.<\/b> O <b>EM<\/b>, esteve l\u00e1, e disponibilizou o concerto quase na \u00edntegra. O primeiro video que colocou, a abertura do concerto, foi visto por mais de <b>64 mil pessoas:<\/b><\/span><br \/><span style=\"font-family: Arial, Helvetica, sans-serif\"><b><br \/>&nbsp;<iframe allowfullscreen=\"\" frameborder=\"0\" height=\"195\" src=\"http:\/\/www.youtube.com\/embed\/Qf-EFbB4obE\" width=\"240\"><\/iframe><iframe allowfullscreen=\"\" frameborder=\"0\" height=\"195\" src=\"http:\/\/www.youtube.com\/embed\/zmvMhR3JaqQ\" width=\"240\"><\/iframe><\/b><\/p>\n<p>Em <b>Abril de 2010<\/b>, um destino improv\u00e1vel para alguns. O <b>EM<\/b> esteve na <b>Voz do Oper\u00e1rio<\/b>, no concerto de comemora\u00e7\u00e3o dos 15 anos da principal banda do punk-rock nacional, os <b>Tara Perdida<\/b>:<\/span><br \/><span style=\"font-family: Arial, Helvetica, sans-serif\"><br \/><b><iframe allowfullscreen=\"\" frameborder=\"0\" height=\"195\" src=\"http:\/\/www.youtube.com\/embed\/GhTckKlpIdg\" width=\"240\"><\/iframe><iframe allowfullscreen=\"\" frameborder=\"0\" height=\"195\" src=\"http:\/\/www.youtube.com\/embed\/GX4K-ye7uW4\" width=\"240\"><\/iframe><\/b><\/p>\n<p>Em <b>Junho de 2010<\/b>, uma das refer\u00eancias do <b>EM &#8211;&nbsp;Bonnie &#8216;Prince&#8217; Billy<\/b> &#8211; deu um concerto fenomenal em Lisboa e, mais uma vez, ficou inteiramente dispon\u00edvel no youtube:<\/span><br \/><span style=\"font-family: Arial, Helvetica, sans-serif\"><br \/>&nbsp;<iframe allowfullscreen=\"\" frameborder=\"0\" height=\"195\" src=\"http:\/\/www.youtube.com\/embed\/MvvpsN0--uk\" width=\"240\"><\/iframe><iframe allowfullscreen=\"\" frameborder=\"0\" height=\"195\" src=\"http:\/\/www.youtube.com\/embed\/6-aaj-3WBAE\" width=\"240\"><\/iframe><\/p>\n<p>Em <b>Julho<\/b>, mais uma produ\u00e7\u00e3o <b>EM<\/b>, concerto inteiro de <b>Noiserv no Teatro A Barraca<\/b> em Lisboa que deu inclusivamente em bootleg oficial que continua <a href=\"http:\/\/eclectismomusical.blogspot.com\/2010\/09\/entrevista-e-bootleg-exclusivo-noiserv.html\">dispon\u00edvel aqui<\/a>!<\/span><br \/><span style=\"font-family: Arial, Helvetica, sans-serif\"><br \/>&nbsp;<iframe allowfullscreen=\"\" frameborder=\"0\" height=\"195\" src=\"http:\/\/www.youtube.com\/embed\/soNcQwMNNQ0\" width=\"240\"><\/iframe><iframe allowfullscreen=\"\" frameborder=\"0\" height=\"195\" src=\"http:\/\/www.youtube.com\/embed\/Xb_x4Q6y2Ag\" width=\"240\"><\/iframe><\/p>\n<p>E foi ent\u00e3o que chegou o <b>Ver\u00e3o de 2010<\/b>. O <b>Eclectismo Musical<\/b> n\u00e3o podia deixar de estar presente nos dois melhores festivais portugueses e de disponibilizar a todo o mundo o resultado desses dias.  E foi assim que apareceram momentos do <b>Optimus Alive! &#8217;10<\/b> como (entre muitos outros dispon\u00edveis <a href=\"http:\/\/www.youtube.com\/my_playlists?p=6A5807FCFED43ED2\" style=\"font-weight: bold\">aqui<\/a><b>):<\/b><\/span><br \/><span style=\"font-family: Arial, Helvetica, sans-serif\"><b><br \/><iframe allowfullscreen=\"\" frameborder=\"0\" height=\"130\" src=\"http:\/\/www.youtube.com\/embed\/gWZimQNIDg0\" width=\"160\"><\/iframe><\/b><iframe allowfullscreen=\"\" frameborder=\"0\" height=\"130\" src=\"http:\/\/www.youtube.com\/embed\/6C6S-vA16mE\" width=\"160\"><\/iframe><iframe allowfullscreen=\"\" frameborder=\"0\" height=\"130\" src=\"http:\/\/www.youtube.com\/embed\/euhSuA1pwxc\" width=\"160\"><\/iframe> <br \/><b><iframe allowfullscreen=\"\" frameborder=\"0\" height=\"130\" src=\"http:\/\/www.youtube.com\/embed\/cG2lLheOrqA\" width=\"160\"><\/iframe><\/b><b><iframe allowfullscreen=\"\" frameborder=\"0\" height=\"130\" src=\"http:\/\/www.youtube.com\/embed\/9Mw-GW_QUWI\" width=\"160\"><\/iframe><\/b><b><iframe allowfullscreen=\"\" frameborder=\"0\" height=\"130\" src=\"http:\/\/www.youtube.com\/embed\/DnKmdSKFoQA\" width=\"160\"><\/iframe><\/b><\/p>\n<p>Uma semana depois, o <b>EM<\/b> rumou ao <b>Meco<\/b> e, sem tr\u00e2nsito ou p\u00f3 que o impedissem, disponibilizou mais um fant\u00e1stico conjunto de videos que retrataram o que de melhor se passou no <b>Super Bock Super Rock 2010<\/b>. Destaque para os videos do concerto do <b>Prince<\/b>, que foram retirados, dois dias depois, por reclama\u00e7\u00e3o da NPG Records, isto depois de mais de <b>120 mil visualiza\u00e7\u00f5es em menos de um dia<\/b>, que colocaram o <b>Eclectismo Musical no Top 100 mundial do Youtube e em jornais como o El Pais, Publico ou Blitz<\/b>, para al\u00e9m do boom nas redes sociais.&nbsp;<\/span><span style=\"font-family: Arial, Helvetica, sans-serif\">&nbsp;Esses n\u00e3o sobreviveram, mas sobreviveram os concertos dos<b> Beach House, The National, Vampire Weekend<\/b>, etc:<\/span><br \/><span style=\"font-family: Arial, Helvetica, sans-serif\"><br \/><iframe allowfullscreen=\"\" frameborder=\"0\" height=\"130\" src=\"http:\/\/www.youtube.com\/embed\/L-sHdWtp7hw\" width=\"160\"><\/iframe><b><iframe allowfullscreen=\"\" frameborder=\"0\" height=\"130\" src=\"http:\/\/www.youtube.com\/embed\/u5SWRqR6e38\" width=\"160\"><\/iframe><\/b><b><iframe allowfullscreen=\"\" frameborder=\"0\" height=\"130\" src=\"http:\/\/www.youtube.com\/embed\/3jI6ouDrTFE\" width=\"160\"><\/iframe><\/b> <br \/><b><iframe allowfullscreen=\"\" frameborder=\"0\" height=\"130\" src=\"http:\/\/www.youtube.com\/embed\/hz74dgWAWVs\" width=\"160\"><\/iframe><\/b><b><iframe allowfullscreen=\"\" frameborder=\"0\" height=\"130\" src=\"http:\/\/www.youtube.com\/embed\/E0XdrsNYJD8\" width=\"160\"><\/iframe><\/b><b><iframe allowfullscreen=\"\" frameborder=\"0\" height=\"130\" src=\"http:\/\/www.youtube.com\/embed\/LNX-4swgOG0\" width=\"160\"><\/iframe><\/b> <br \/><b><iframe allowfullscreen=\"\" frameborder=\"0\" height=\"130\" src=\"http:\/\/www.youtube.com\/embed\/H7y1K_Xahp8\" width=\"160\"><\/iframe><iframe allowfullscreen=\"\" frameborder=\"0\" height=\"130\" src=\"http:\/\/www.youtube.com\/embed\/VhuWyKI9h5g\" width=\"160\"><\/iframe><iframe allowfullscreen=\"\" frameborder=\"0\" height=\"130\" src=\"http:\/\/www.youtube.com\/embed\/EeI6g4XWIiM\" width=\"160\"><\/iframe><\/b><\/p>\n<p>Em <b>Agosto de 2010<\/b> foi a vez do <b>EM<\/b> gravar e disponibilizar o concerto de <b>Cristina Branco<\/b> na pra\u00e7a do munic\u00edpio em Lisboa:<\/span><br \/><span style=\"font-family: Arial, Helvetica, sans-serif\"><br \/><b><iframe allowfullscreen=\"\" frameborder=\"0\" height=\"195\" src=\"http:\/\/www.youtube.com\/embed\/FEycPGju0vg\" width=\"240\"><\/iframe><iframe allowfullscreen=\"\" frameborder=\"0\" height=\"195\" src=\"http:\/\/www.youtube.com\/embed\/R4nsT3UD5JE\" width=\"240\"><\/iframe><\/b> <\/p>\n<p>E os \u00faltimos videos at\u00e9 agora colocados foram:&nbsp;<\/span><br \/><span style=\"font-family: Arial, Helvetica, sans-serif\"><br \/><iframe allowfullscreen=\"\" frameborder=\"0\" height=\"130\" src=\"http:\/\/www.youtube.com\/embed\/GM_MwMi2fTc\" width=\"240\"><\/iframe> <b><iframe allowfullscreen=\"\" frameborder=\"0\" height=\"130\" src=\"http:\/\/www.youtube.com\/embed\/fKnBk1GrR68\" width=\"240\"><\/iframe><\/b><\/p>\n<p>E esta \u00e9 a hist\u00f3ria resumida de <b>UM MILH\u00c3O de views!<\/b> Para ver todos os videos carregar aqui: <b><a href=\"http:\/\/www.youtube.com\/user\/EclectismoM\">http:\/\/www.youtube.com\/user\/EclectismoM<\/a><\/b> Obrigado!<\/span><\/div>\n<p><b><\/b><\/p>","protected":false},"excerpt":{"rendered":"<p>O canal do Eclectismo Musical no Youtube, que conta com 333 videos adicionados, ultrapassou a cifra de&nbsp;UM MILH\u00c3O de visualiza\u00e7\u00f5es!! Os v\u00eddeos relativos aos Festivais: Optimus&nbsp;Alive &#8217;10 e Super Bock Super Rock 2010, juntamente com o concerto dos Muse de 2009 no Pavilh\u00e3o Atl\u00e2ntico, s\u00e3o os principais motores destes n\u00fameros! Foi no dia 23 de<\/p>","protected":false},"author":1,"featured_media":0,"comment_status":"open","ping_status":"open","sticky":false,"template":"","format":"standard","meta":[],"categories":[1],"tags":[],"_links":{"self":[{"href":"https:\/\/www.ecletismomusical.pt\/en\/wp-json\/wp\/v2\/posts\/427"}],"collection":[{"href":"https:\/\/www.ecletismomusical.pt\/en\/wp-json\/wp\/v2\/posts"}],"about":[{"href":"https:\/\/www.ecletismomusical.pt\/en\/wp-json\/wp\/v2\/types\/post"}],"author":[{"embeddable":true,"href":"https:\/\/www.ecletismomusical.pt\/en\/wp-json\/wp\/v2\/users\/1"}],"replies":[{"embeddable":true,"href":"https:\/\/www.ecletismomusical.pt\/en\/wp-json\/wp\/v2\/comments?post=427"}],"version-history":[{"count":0,"href":"https:\/\/www.ecletismomusical.pt\/en\/wp-json\/wp\/v2\/posts\/427\/revisions"}],"wp:attachment":[{"href":"https:\/\/www.ecletismomusical.pt\/en\/wp-json\/wp\/v2\/media?parent=427"}],"wp:term":[{"taxonomy":"category","embeddable":true,"href":"https:\/\/www.ecletismomusical.pt\/en\/wp-json\/wp\/v2\/categories?post=427"},{"taxonomy":"post_tag","embeddable":true,"href":"https:\/\/www.ecletismomusical.pt\/en\/wp-json\/wp\/v2\/tags?post=427"}],"curies":[{"name":"wp","href":"https:\/\/api.w.org\/{rel}","templated":true}]}}