{"id":4270,"date":"2019-02-28T14:30:39","date_gmt":"2019-02-28T14:30:39","guid":{"rendered":"https:\/\/www.ecletismomusical.pt\/?p=4270"},"modified":"2019-02-28T14:32:31","modified_gmt":"2019-02-28T14:32:31","slug":"cover-billie-eilish-you-dont-get-me-high-anymore-phantogram-cover","status":"publish","type":"post","link":"https:\/\/www.ecletismomusical.pt\/en\/cover-billie-eilish-you-dont-get-me-high-anymore-phantogram-cover\/","title":{"rendered":"[Cover] Billie Eilish &#8211; You Don&#8217;t Get Me High Anymore (Phantogram cover)"},"content":{"rendered":"<div class=\"wp-block-embed__wrapper\">\nhttps:\/\/www.youtube.com\/watch?v=-UIeiPxogm0\n<\/div>\n\n\n\n<p> Devido \u00e0 elevada procura por parte dos f\u00e3s, Billie Eilish acaba de anunciar que o seu espect\u00e1culo em Lisboa ser\u00e1 na Altice Arena, em vez de o previamente anunciado Coliseu de Lisboa.  <br>Os bilhetes para a nova sala estar\u00e3o \u00e0 venda j\u00e1 este s\u00e1bado, dia 02 de mar\u00e7o a partir das 10h00 nos pontos de venda oficiais. <\/p>","protected":false},"excerpt":{"rendered":"<p>Devido \u00e0 elevada procura por parte dos f\u00e3s, Billie Eilish acaba de anunciar que o seu espect\u00e1culo em Lisboa ser\u00e1 na Altice Arena, em vez de o previamente anunciado Coliseu de Lisboa. Os bilhetes para a nova sala estar\u00e3o \u00e0 venda j\u00e1 este s\u00e1bado, dia 02 de mar\u00e7o a partir das 10h00 nos pontos de<\/p>","protected":false},"author":3,"featured_media":4271,"comment_status":"open","ping_status":"open","sticky":false,"template":"","format":"video","meta":[],"categories":[133],"tags":[45],"_links":{"self":[{"href":"https:\/\/www.ecletismomusical.pt\/en\/wp-json\/wp\/v2\/posts\/4270"}],"collection":[{"href":"https:\/\/www.ecletismomusical.pt\/en\/wp-json\/wp\/v2\/posts"}],"about":[{"href":"https:\/\/www.ecletismomusical.pt\/en\/wp-json\/wp\/v2\/types\/post"}],"author":[{"embeddable":true,"href":"https:\/\/www.ecletismomusical.pt\/en\/wp-json\/wp\/v2\/users\/3"}],"replies":[{"embeddable":true,"href":"https:\/\/www.ecletismomusical.pt\/en\/wp-json\/wp\/v2\/comments?post=4270"}],"version-history":[{"count":2,"href":"https:\/\/www.ecletismomusical.pt\/en\/wp-json\/wp\/v2\/posts\/4270\/revisions"}],"predecessor-version":[{"id":4276,"href":"https:\/\/www.ecletismomusical.pt\/en\/wp-json\/wp\/v2\/posts\/4270\/revisions\/4276"}],"wp:featuredmedia":[{"embeddable":true,"href":"https:\/\/www.ecletismomusical.pt\/en\/wp-json\/wp\/v2\/media\/4271"}],"wp:attachment":[{"href":"https:\/\/www.ecletismomusical.pt\/en\/wp-json\/wp\/v2\/media?parent=4270"}],"wp:term":[{"taxonomy":"category","embeddable":true,"href":"https:\/\/www.ecletismomusical.pt\/en\/wp-json\/wp\/v2\/categories?post=4270"},{"taxonomy":"post_tag","embeddable":true,"href":"https:\/\/www.ecletismomusical.pt\/en\/wp-json\/wp\/v2\/tags?post=4270"}],"curies":[{"name":"wp","href":"https:\/\/api.w.org\/{rel}","templated":true}]}}