{"id":432,"date":"2011-02-09T10:40:00","date_gmt":"2011-02-09T10:40:00","guid":{"rendered":"https:\/\/ecletismomusical.pt\/a-descobrir-anna-calvi-anna-calvi\/"},"modified":"2011-02-09T10:40:00","modified_gmt":"2011-02-09T10:40:00","slug":"a-descobrir-anna-calvi-anna-calvi","status":"publish","type":"post","link":"https:\/\/www.ecletismomusical.pt\/en\/a-descobrir-anna-calvi-anna-calvi\/","title":{"rendered":"A Descobrir: Anna Calvi &#8211; Anna Calvi"},"content":{"rendered":"<div style=\"clear: both;text-align: center\"><a href=\"http:\/\/static.boomkat.com\/images\/401259\/333.jpg\" style=\"clear: left;float: left;margin-bottom: 1em;margin-right: 1em\"><img height=\"320\" src=\"http:\/\/static.boomkat.com\/images\/401259\/333.jpg\" width=\"320\" \/><\/a><\/div>\n<div style=\"text-align: justify\"><span style=\"font-family: Arial, Helvetica, sans-serif\"><\/p>\n<p>S\u00e3o j\u00e1 muitos os coment\u00e1rios (Brian Eno, Nick Cave, etc) sobre esta nova promessa apontada como uma das grandes revela\u00e7\u00f5es de 2011. E a verdade \u00e9 que <b><a href=\"http:\/\/www.myspace.com\/annacalvi\">Anna Calvi<\/a><\/b> tem uma extraordin\u00e1ria voz e apresenta um \u00e1lbum de estreia capaz de se transformar num (pequeno) fen\u00f3meno. As compara\u00e7\u00f5es com a enorme <b>PJ Harvey<\/b> s\u00e3o inevit\u00e1veis, por um lado, pelas \u00f3bvias parecen\u00e7as vocais e de estilo, por outro, porque a produ\u00e7\u00e3o do \u00e1lbum esteve a cargo de <b>Rob Ellis<\/b>, parceiro musical de longa data de Polly Jean. Mas porque n\u00e3o tamb\u00e9m<b> Patti Smith<\/b>?<\/span><\/div>\n<div style=\"text-align: justify\"><iframe allowfullscreen=\"\" frameborder=\"0\" height=\"390\" src=\"http:\/\/www.youtube.com\/embed\/4KVVCHeHKXM\" width=\"480\"><\/iframe><span style=\"font-family: Arial, Helvetica, sans-serif\"><br \/><\/span><\/div>\n<div style=\"text-align: justify\"><span style=\"font-family: Arial, Helvetica, sans-serif\"><br \/><\/span><\/div>\n<div style=\"text-align: justify\"><span style=\"font-family: Arial, Helvetica, sans-serif\">Mas, desenganem-se aqueles que estiverem \u00e0 espera de um \u00e1lbum \u00abbonitinho\u00bb e apenas c\u00f3pia de PJ Harvey! Este \u00e9 um \u00e1lbum de uma &#8220;mulher grande&#8221;, de nome e pai italiano. Cru, intenso, negro e profundo, mas extremamente encantador. Constar\u00e1 da lista de destaques de 2011.<\/span><br \/><span style=\"font-family: Arial, Helvetica, sans-serif\"><br \/><\/span><\/div>\n<p><iframe allowfullscreen=\"\" frameborder=\"0\" height=\"390\" src=\"http:\/\/www.youtube.com\/embed\/zf0dO0clkwU\" width=\"480\"><\/iframe><\/p>","protected":false},"excerpt":{"rendered":"<p>S\u00e3o j\u00e1 muitos os coment\u00e1rios (Brian Eno, Nick Cave, etc) sobre esta nova promessa apontada como uma das grandes revela\u00e7\u00f5es de 2011. E a verdade \u00e9 que Anna Calvi tem uma extraordin\u00e1ria voz e apresenta um \u00e1lbum de estreia capaz de se transformar num (pequeno) fen\u00f3meno. As compara\u00e7\u00f5es com a enorme PJ Harvey s\u00e3o inevit\u00e1veis,<\/p>","protected":false},"author":1,"featured_media":0,"comment_status":"open","ping_status":"open","sticky":false,"template":"","format":"standard","meta":[],"categories":[1],"tags":[],"_links":{"self":[{"href":"https:\/\/www.ecletismomusical.pt\/en\/wp-json\/wp\/v2\/posts\/432"}],"collection":[{"href":"https:\/\/www.ecletismomusical.pt\/en\/wp-json\/wp\/v2\/posts"}],"about":[{"href":"https:\/\/www.ecletismomusical.pt\/en\/wp-json\/wp\/v2\/types\/post"}],"author":[{"embeddable":true,"href":"https:\/\/www.ecletismomusical.pt\/en\/wp-json\/wp\/v2\/users\/1"}],"replies":[{"embeddable":true,"href":"https:\/\/www.ecletismomusical.pt\/en\/wp-json\/wp\/v2\/comments?post=432"}],"version-history":[{"count":0,"href":"https:\/\/www.ecletismomusical.pt\/en\/wp-json\/wp\/v2\/posts\/432\/revisions"}],"wp:attachment":[{"href":"https:\/\/www.ecletismomusical.pt\/en\/wp-json\/wp\/v2\/media?parent=432"}],"wp:term":[{"taxonomy":"category","embeddable":true,"href":"https:\/\/www.ecletismomusical.pt\/en\/wp-json\/wp\/v2\/categories?post=432"},{"taxonomy":"post_tag","embeddable":true,"href":"https:\/\/www.ecletismomusical.pt\/en\/wp-json\/wp\/v2\/tags?post=432"}],"curies":[{"name":"wp","href":"https:\/\/api.w.org\/{rel}","templated":true}]}}