{"id":4333,"date":"2019-03-14T13:20:37","date_gmt":"2019-03-14T13:20:37","guid":{"rendered":"https:\/\/www.ecletismomusical.pt\/?p=4333"},"modified":"2019-03-14T14:31:23","modified_gmt":"2019-03-14T14:31:23","slug":"entrevista-stereossauro","status":"publish","type":"post","link":"https:\/\/www.ecletismomusical.pt\/en\/entrevista-stereossauro\/","title":{"rendered":"[Interview] Stereossauro"},"content":{"rendered":"<p style=\"font-size:25px\">O criador de um dos \u00e1lbuns que certamente constar\u00e1 de todas as listas de melhor do ano, respondeu a algumas perguntas do <strong>Musical Eclecticism<\/strong>.  Apaixonado pela reinven\u00e7\u00e3o da m\u00fasica portuguesa, <strong>Stereossauro<\/strong> criou em &#8220;Bairro da Ponte&#8221;: &#8220;O ALBUM&#8221; de mistura entre o Hip Hop, o Fado e a Eectr\u00f3nica. Marco hist\u00f3rico na m\u00fasica portuguesa aqui devidamente registado e celebrado.<\/p>\n\n\n\n<img src=\"https:\/\/www.ecletismomusical.pt\/wp-content\/uploads\/2019\/03\/45624455_2866586020033631_2391141450554277888_n-300x300.jpg\" alt=\"\" class=\"wp-image-4341\" width=\"509\" height=\"509\" srcset=\"https:\/\/www.ecletismomusical.pt\/wp-content\/uploads\/2019\/03\/45624455_2866586020033631_2391141450554277888_n-300x300.jpg 300w, https:\/\/www.ecletismomusical.pt\/wp-content\/uploads\/2019\/03\/45624455_2866586020033631_2391141450554277888_n-150x150.jpg 150w, https:\/\/www.ecletismomusical.pt\/wp-content\/uploads\/2019\/03\/45624455_2866586020033631_2391141450554277888_n-768x768.jpg 768w, https:\/\/www.ecletismomusical.pt\/wp-content\/uploads\/2019\/03\/45624455_2866586020033631_2391141450554277888_n.jpg 960w\" \/>\n\n\n\n<p><strong>EM: Em  \u201cBairro da Ponte\u201d a tradi\u00e7\u00e3o beija a modernidade numa mescla entre  sonoridades modernas e palavras com hist\u00f3ria. Quando come\u00e7aste h\u00e1 uns  anos a pegar em samples de Fado e a mixar com eletr\u00f3nica e hip-hop j\u00e1  antevias vir a fazer um \u00e1lbum como este?<\/strong><\/p>\n\n\n\n<p>S<strong>tereossauro:<\/strong> Sim, sonhava em fazer algo neste sentido, mas se calhar n\u00e3o com esta  dimens\u00e3o. O disco ficou muito melhor que o que eu poderia ter imaginado.<\/p>\n\n\n\n<div class=\"wp-block-embed__wrapper\">\n<iframe width=\"900\" height=\"506\" src=\"https:\/\/www.youtube.com\/embed\/tv_lK_f1Wgs?feature=oembed\" frameborder=\"0\" allowfullscreen><\/iframe>\n<\/div>\n\n\n\n<p><strong>EM: Como  foi o teu processo criativo? Ouviste muitas vezes os originais e  pegaste em samples e depois constru\u00edste os temas? Tinhas linhas  mel\u00f3dicas na cabe\u00e7a? <\/strong><br><br><strong>Stereossauro:<\/strong> Tenho v\u00e1rias abordagens diferentes, muitas vezes passa por ouvir os  originais \u00e0 procura de samples e experimenta\u00e7\u00e3o com esse samples, mas  tamb\u00e9m toco v\u00e1rios instrumentos. H\u00e1 guitarra em quase todas as m\u00fasicas  do disco, por exemplo. Cada caso \u00e9 um caso e acaba  por n\u00e3o haver uma f\u00f3rmula.<\/p>\n\n\n\n<p><strong>EM: Em  \u201cFlor de Maracuj\u00e1\u201d fazes como que um poker. Am\u00e1lia, Capicua, Caman\u00e9 e a  eletr\u00f3nica. Podemos dizer que \u00e9 a defini\u00e7\u00e3o perfeita do que representa  este \u201cBairro da Ponte\u201d e os seus 19 temas? Como achas que seria a rea\u00e7\u00e3o  da Am\u00e1lia se pudesse ouvir o teu  trabalho?<\/strong><\/p>\n\n\n\n<p><strong>Stereossauro:<\/strong> Prefiro n\u00e3o pensar nisso, \u00e9 algo que nunca saberei e pronto. Vi v\u00e1rias  entrevistas em que Am\u00e1lia manifestava uma opini\u00e3o a favor da mudan\u00e7a e  de experimenta\u00e7\u00e3o na m\u00fasica, mas n\u00e3o vale a pena tentar adivinhar o que  pensaria deste disco, vale a pena pensar que  bom seria se a tivesse conhecido em vida.<\/p>\n\n\n\n<div class=\"wp-block-embed__wrapper\">\n<iframe width=\"900\" height=\"506\" src=\"https:\/\/www.youtube.com\/embed\/gy0pUfh1X78?feature=oembed\" frameborder=\"0\" allowfullscreen><\/iframe>\n<\/div>\n\n\n\n<p><strong>EM: Em  \u201cDepressa Demais\u201d ou \u201cVento\u201d assumes o processo criativo no seu todo e  crias inclusivamente as palavras com que duas das maiores representantes  da contemporaneidade do Fado (Ana Moura e Gisela Jo\u00e3o) se apresentam ao  mundo. Em jeito de provoca\u00e7\u00e3o,  pretendes como que vir a criar um subg\u00e9nero de Fado escrito por ti?<\/strong><\/p>\n\n\n\n<p><strong>Stereossauro:<\/strong> \u00c9 um grande desafio e gostava de voltar a faz\u00ea-lo, cada vez mais quero fazer can\u00e7\u00f5es.<br> <\/p>\n\n\n\n<p><strong>EM: Pegando no que \u00e9 afirmado sobre a \u201cVerde Anos\u201d do Carlos Paredes  ser a \u201cm\u00fasica mais portuguesa que existe\u201d e tendo em conta que a mesma  nem sequer tem voz, consideras que o destino t\u00e3o presente na l\u00edrica do  Fado pode ser contrariado simplesmente por  guitarras e bits\/pratos que falam?<\/strong><\/p>\n\n\n\n<p><strong>Stereossauro:<\/strong> A palavra \u00e9 de uma import\u00e2ncia vital para a defini\u00e7\u00e3o de um povo. A  l\u00edngua em que falamos e cantamos tem a sua musicalidade pr\u00f3pria, agora  se \u00e9 uma pessoa a cantar ou um sample num gira-discos, isso \u00e9 apenas o  &#8220;meio&#8221;. J\u00e1 a m\u00fasica instrumental tem um aspecto  muito interessante, apesar de ser algo mais abstracto, pode ser  entendido por toda a gente no mundo todo. N\u00e3o acho que uma coisa invalide a outra, s\u00e3o s\u00f3 pontos de vista diferentes.<\/p>\n\n\n\n<div class=\"wp-block-embed__wrapper\">\n<iframe width=\"900\" height=\"506\" src=\"https:\/\/www.youtube.com\/embed\/ISuTsuhhtcA?feature=oembed\" frameborder=\"0\" allowfullscreen><\/iframe>\n<\/div>\n\n\n\n<p><strong>EM: De onde veio o \u201cStrereossauro\u201d? Consideras-te um dinossauro na estereofonia eletr\u00f3nica?<\/strong> <br><br><strong>Stereossauro:<\/strong> N\u00e3o, \u00e9 apenas um jogo de palavras, e gosto de dinossauros.<br> <\/p>\n\n\n\n<p><strong>EM: Desde os campeonatos com o DJ Ride (Beatbombers) at\u00e9 aos mash ups  de Hip Hop consegues eleger uma arte maior no teu percurso?<\/strong><\/p>\n\n\n\n<p>S<strong>tereossauro: <\/strong>A pergunta \u00e9 se gosto mais de ser DJ ou Produtor? Gosto das duas coisas!<\/p>\n\n\n\n<div class=\"wp-block-embed__wrapper\">\n<iframe width=\"900\" height=\"506\" src=\"https:\/\/www.youtube.com\/embed\/ICBb8d-j48o?feature=oembed\" frameborder=\"0\" allowfullscreen><\/iframe>\n<\/div>\n\n\n\n<p><strong>EM: A prop\u00f3sito, qual consideras ser o \u00abestado d\u2019arte\u00bb da m\u00fasica feita em Portugal?<\/strong><\/p>\n\n\n\n<p><strong>Stereossauro:<\/strong> Est\u00e1 bem e recomenda-se!<br><br><strong>EM: Que nomes colocavas no teu \u201cFestival Ideal\u201d? (Vivos ou n\u00e3o)<\/strong><\/p>\n\n\n\n<p><strong>Stereossauro:<\/strong> Bob Marley, Post Malone, Ramones, Beastie Boys, Wu Tang Clan.<\/p>\n\n\n\n<p><strong>EM: Se tivesses que identificar os 5 melhores \u00e1lbuns de sempre, qual era a tua escolha? E porqu\u00ea?<\/strong><\/p>\n\n\n\n<p><strong>Stereossauro:<br> Dj Shadow &#8211; Entroducing<\/strong><\/p>\n\n\n\n<img src=\"https:\/\/www.ecletismomusical.pt\/wp-content\/uploads\/2019\/03\/index-150x150.jpg\" alt=\"\" class=\"wp-image-4335\" width=\"300\" height=\"300\" srcset=\"https:\/\/www.ecletismomusical.pt\/wp-content\/uploads\/2019\/03\/index-150x150.jpg 150w, https:\/\/www.ecletismomusical.pt\/wp-content\/uploads\/2019\/03\/index.jpg 224w\" \/>\n\n\n\n<p> <strong>J Dilla &#8211; Donuts<\/strong><\/p>\n\n\n\n<img src=\"https:\/\/www.ecletismomusical.pt\/wp-content\/uploads\/2019\/03\/indexe-150x150.jpg\" alt=\"\" class=\"wp-image-4336\" width=\"300\" height=\"300\" srcset=\"https:\/\/www.ecletismomusical.pt\/wp-content\/uploads\/2019\/03\/indexe-150x150.jpg 150w, https:\/\/www.ecletismomusical.pt\/wp-content\/uploads\/2019\/03\/indexe.jpg 225w\" \/>\n\n\n\n<p><strong> Beatis Boys &#8211; ill comunication<\/strong><\/p>\n\n\n\n<img src=\"https:\/\/www.ecletismomusical.pt\/wp-content\/uploads\/2019\/03\/inddex-150x150.jpg\" alt=\"\" class=\"wp-image-4337\" width=\"300\" height=\"300\" srcset=\"https:\/\/www.ecletismomusical.pt\/wp-content\/uploads\/2019\/03\/inddex-150x150.jpg 150w, https:\/\/www.ecletismomusical.pt\/wp-content\/uploads\/2019\/03\/inddex.jpg 225w\" \/>\n\n\n\n<p> <strong>Rage Against the Machine &#8211; Rage Against the Machine<\/strong><\/p>\n\n\n\n<img src=\"https:\/\/www.ecletismomusical.pt\/wp-content\/uploads\/2019\/03\/inndex-150x150.jpg\" alt=\"\" class=\"wp-image-4338\" width=\"300\" height=\"300\" srcset=\"https:\/\/www.ecletismomusical.pt\/wp-content\/uploads\/2019\/03\/inndex-150x150.jpg 150w, https:\/\/www.ecletismomusical.pt\/wp-content\/uploads\/2019\/03\/inndex.jpg 225w\" \/>\n\n\n\n<p><strong> Kanye West &#8211; College Drop Out<\/strong><\/p>\n\n\n\n<img src=\"https:\/\/www.ecletismomusical.pt\/wp-content\/uploads\/2019\/03\/indiiex-150x150.jpg\" alt=\"\" class=\"wp-image-4339\" width=\"300\" height=\"300\" \/>\n\n\n\n<p>\nPorque s\u00e3o discos de que gosto muito e foram importantes para mim.<\/p>\n\n\n\n<p><strong>EM: Depois do concerto no Lux, o disco ser\u00e1 para apresentar ao vivo pelo Pa\u00eds? Existem datas?<\/strong><br><br><strong>Stereossauro:<\/strong> Foi muito bom, estava esgotado e n\u00e3o podia ter corrido melhor. Vou estar no NOS Alive dia  11 de julho e h\u00e1 v\u00e1rias outras datas marcadas mas que ainda n\u00e3o posso anunciar.<\/p>\n\n\n\n<div class=\"wp-block-embed__wrapper\">\n<iframe width=\"900\" height=\"506\" src=\"https:\/\/www.youtube.com\/embed\/HwGQCf2m8SM?feature=oembed\" frameborder=\"0\" allowfullscreen><\/iframe>\n<\/div>\n\n\n\n<p><strong>Agradecimento especial:<\/strong><br>Maria Escaka (Valentim de Carvalho)<\/p>\n\n\n\n<p><br> <\/p>","protected":false},"excerpt":{"rendered":"<p>O criador de um dos \u00e1lbuns que certamente constar\u00e1 de todas as listas de melhor do ano, respondeu a algumas perguntas do Ecletismo Musical. Apaixonado pela reinven\u00e7\u00e3o da m\u00fasica portuguesa, Stereossauro criou em &#8220;Bairro da Ponte&#8221;: &#8220;O ALBUM&#8221; de mistura entre o Hip Hop, o Fado e a Eectr\u00f3nica. Marco hist\u00f3rico na m\u00fasica portuguesa aqui<\/p>","protected":false},"author":3,"featured_media":4340,"comment_status":"open","ping_status":"open","sticky":false,"template":"","format":"standard","meta":[],"categories":[25],"tags":[52,340],"_links":{"self":[{"href":"https:\/\/www.ecletismomusical.pt\/en\/wp-json\/wp\/v2\/posts\/4333"}],"collection":[{"href":"https:\/\/www.ecletismomusical.pt\/en\/wp-json\/wp\/v2\/posts"}],"about":[{"href":"https:\/\/www.ecletismomusical.pt\/en\/wp-json\/wp\/v2\/types\/post"}],"author":[{"embeddable":true,"href":"https:\/\/www.ecletismomusical.pt\/en\/wp-json\/wp\/v2\/users\/3"}],"replies":[{"embeddable":true,"href":"https:\/\/www.ecletismomusical.pt\/en\/wp-json\/wp\/v2\/comments?post=4333"}],"version-history":[{"count":6,"href":"https:\/\/www.ecletismomusical.pt\/en\/wp-json\/wp\/v2\/posts\/4333\/revisions"}],"predecessor-version":[{"id":4346,"href":"https:\/\/www.ecletismomusical.pt\/en\/wp-json\/wp\/v2\/posts\/4333\/revisions\/4346"}],"wp:featuredmedia":[{"embeddable":true,"href":"https:\/\/www.ecletismomusical.pt\/en\/wp-json\/wp\/v2\/media\/4340"}],"wp:attachment":[{"href":"https:\/\/www.ecletismomusical.pt\/en\/wp-json\/wp\/v2\/media?parent=4333"}],"wp:term":[{"taxonomy":"category","embeddable":true,"href":"https:\/\/www.ecletismomusical.pt\/en\/wp-json\/wp\/v2\/categories?post=4333"},{"taxonomy":"post_tag","embeddable":true,"href":"https:\/\/www.ecletismomusical.pt\/en\/wp-json\/wp\/v2\/tags?post=4333"}],"curies":[{"name":"wp","href":"https:\/\/api.w.org\/{rel}","templated":true}]}}