{"id":434,"date":"2011-01-31T17:01:00","date_gmt":"2011-01-31T17:01:00","guid":{"rendered":"https:\/\/ecletismomusical.pt\/hino-de-uma-geracao\/"},"modified":"2011-01-31T17:01:00","modified_gmt":"2011-01-31T17:01:00","slug":"hino-de-uma-geracao","status":"publish","type":"post","link":"https:\/\/www.ecletismomusical.pt\/en\/hino-de-uma-geracao\/","title":{"rendered":"Hino de uma Gera\u00e7\u00e3o"},"content":{"rendered":"<div style=\"clear: both;text-align: center\"><a href=\"https:\/\/www.cm-feira.pt\/portal\/binary\/com.epicentric.contentmanagement.servlet.ContentDeliveryServlet\/Conteudos\/Imagens\/Repositorio\/Deolinda_Jan09_320.jpg\" style=\"clear: left;float: left;margin-bottom: 1em;margin-right: 1em\"><img src=\"https:\/\/www.cm-feira.pt\/portal\/binary\/com.epicentric.contentmanagement.servlet.ContentDeliveryServlet\/Conteudos\/Imagens\/Repositorio\/Deolinda_Jan09_320.jpg\" \/><\/a><\/div>\n<p><\/p>\n<div style=\"text-align: justify\"><span style=\"font-family: Arial, Helvetica, sans-serif\"><br \/>Os Deolinda criaram aquele que se transformar\u00e1 rapidamente no <b>\u00abhino de uma gera\u00e7\u00e3o\u00bb<\/b>. Video e letra:<\/span><\/div>\n<p><iframe allowfullscreen=\"\" frameborder=\"0\" height=\"390\" src=\"http:\/\/www.youtube.com\/embed\/f8lo82tXbWU\" width=\"480\"><\/iframe><\/p>\n<p><span style=\"font-family: Arial, Helvetica, sans-serif;font-size: x-small\"><i> &#8220;<span style=\"color: #333333;line-height: 20px\">Sou da gera\u00e7\u00e3o sem remunera\u00e7\u00e3o<\/span><\/i><\/span><br \/><span style=\"font-family: Arial, Helvetica, sans-serif;font-size: x-small\"><i><span style=\"color: #333333;line-height: 20px\">e n\u00e3o me incomoda esta condi\u00e7\u00e3o.<\/span><span style=\"color: #333333;line-height: 20px\"><br \/><\/span><span style=\"color: #333333;line-height: 20px\">Que parva que\ufeff eu sou!<\/span><span style=\"color: #333333;line-height: 20px\"><br \/><\/span><span style=\"color: #333333;line-height: 20px\">Porque isto est\u00e1 mal e vai continuar,<\/span><span style=\"color: #333333;line-height: 20px\">&nbsp;<\/span><span style=\"color: #333333;line-height: 20px\"><br \/><\/span><span style=\"color: #333333;line-height: 20px\">j\u00e1 \u00e9 uma sorte eu poder estagiar.<\/span><span style=\"color: #333333;line-height: 20px\"><br \/><\/span><span style=\"color: #333333;line-height: 20px\">Que parva que eu sou!<\/span><span style=\"color: #333333;line-height: 20px\"><br \/><\/span><span style=\"color: #333333;line-height: 20px\">E fico a pensar,<\/span><span style=\"color: #333333;line-height: 20px\">&nbsp;<\/span><span style=\"color: #333333;line-height: 20px\"><br \/><\/span><span style=\"color: #333333;line-height: 20px\">que\ufeff mundo t\u00e3o parvo<\/span><span style=\"color: #333333;line-height: 20px\">&nbsp;<\/span><span style=\"color: #333333;line-height: 20px\"><br \/><\/span><span style=\"color: #333333;line-height: 20px\">onde para ser escravo \u00e9 preciso estudar.<\/span><span style=\"color: #333333;line-height: 20px\"><br \/><\/span><span style=\"color: #333333;line-height: 20px\"><br \/><\/span><span style=\"color: #333333;line-height: 20px\">Sou da gera\u00e7\u00e3o \u2018casinha dos pais\u2019,<\/span><span style=\"color: #333333;line-height: 20px\">&nbsp;<\/span><span style=\"color: #333333;line-height: 20px\"><br \/><\/span><span style=\"color: #333333;line-height: 20px\">se j\u00e1 tenho tudo, pra qu\u00ea querer mais?<\/span><span style=\"color: #333333;line-height: 20px\"><br \/><\/span><span style=\"color: #333333;line-height: 20px\">Que parva que eu sou<\/span><span style=\"color: #333333;line-height: 20px\"><br \/><\/span><span style=\"color: #333333;line-height: 20px\">Filhos,\ufeff maridos, estou sempre a adiar<\/span><span style=\"color: #333333;line-height: 20px\">&nbsp;<\/span><span style=\"color: #333333;line-height: 20px\"><br \/><\/span><span style=\"color: #333333;line-height: 20px\">e ainda me falta o carro pagar<\/span><span style=\"color: #333333;line-height: 20px\"><br \/><\/span><span style=\"color: #333333;line-height: 20px\">Que parva\ufeff que eu sou!<\/span><span style=\"color: #333333;line-height: 20px\"><br \/><\/span><span style=\"color: #333333;line-height: 20px\">E fico a pensar,<\/span><span style=\"color: #333333;line-height: 20px\">&nbsp;<\/span><span style=\"color: #333333;line-height: 20px\"><br \/><\/span><span style=\"color: #333333;line-height: 20px\">que mundo t\u00e3o parvo<\/span><span style=\"color: #333333;line-height: 20px\">&nbsp;<\/span><span style=\"color: #333333;line-height: 20px\"><br \/><\/span><span style=\"color: #333333;line-height: 20px\">onde para ser escravo \u00e9 preciso estudar.<\/span><span style=\"color: #333333;line-height: 20px\"><br \/><\/span><span style=\"color: #333333;line-height: 20px\"><br \/><\/span><span style=\"color: #333333;line-height: 20px\">Sou da gera\u00e7\u00e3o \u2018vou queixar-me pra qu\u00ea?\u2019<\/span><span style=\"color: #333333;line-height: 20px\">&nbsp;<\/span><span style=\"color: #333333;line-height: 20px\"><br \/><\/span><span style=\"color: #333333;line-height: 20px\">H\u00e1\ufeff algu\u00e9m bem pior do que eu na TV.<\/span><span style=\"color: #333333;line-height: 20px\"><br \/><\/span><span style=\"color: #333333;line-height: 20px\">Que parva que eu sou!<\/span><span style=\"color: #333333;line-height: 20px\"><br \/><\/span><span style=\"color: #333333;line-height: 20px\">Sou da gera\u00e7\u00e3o \u2018eu j\u00e1 n\u00e3o posso mais!\u2019<\/span><span style=\"color: #333333;line-height: 20px\">&nbsp;<\/span><span style=\"color: #333333;line-height: 20px\"><br \/><\/span><span style=\"color: #333333;line-height: 20px\">que esta situa\u00e7\u00e3o dura h\u00e1 tempo demais<\/span><span style=\"color: #333333;line-height: 20px\"><br \/><\/span><span style=\"color: #333333;line-height: 20px\">E parva n\u00e3o sou!<\/span><span style=\"color: #333333;line-height: 20px\"><br \/><\/span><span style=\"color: #333333;line-height: 20px\">E fico a\ufeff pensar,<\/span><span style=\"color: #333333;line-height: 20px\"><br \/><\/span><span style=\"color: #333333;line-height: 20px\">que mundo t\u00e3o parvo<\/span><span style=\"color: #333333;line-height: 20px\">&nbsp;<\/span><span style=\"color: #333333;line-height: 20px\"><br \/><\/span><span style=\"color: #333333;line-height: 20px\">onde para ser escravo \u00e9 preciso estudar.&#8221;<\/span><\/i><\/span><\/p>","protected":false},"excerpt":{"rendered":"<p>Os Deolinda criaram aquele que se transformar\u00e1 rapidamente no \u00abhino de uma gera\u00e7\u00e3o\u00bb. Video e letra: &#8220;Sou da gera\u00e7\u00e3o sem remunera\u00e7\u00e3oe n\u00e3o me incomoda esta condi\u00e7\u00e3o.Que parva que\ufeff eu sou!Porque isto est\u00e1 mal e vai continuar,&nbsp;j\u00e1 \u00e9 uma sorte eu poder estagiar.Que parva que eu sou!E fico a pensar,&nbsp;que\ufeff mundo t\u00e3o parvo&nbsp;onde para ser escravo<\/p>","protected":false},"author":1,"featured_media":0,"comment_status":"open","ping_status":"open","sticky":false,"template":"","format":"standard","meta":[],"categories":[1],"tags":[],"_links":{"self":[{"href":"https:\/\/www.ecletismomusical.pt\/en\/wp-json\/wp\/v2\/posts\/434"}],"collection":[{"href":"https:\/\/www.ecletismomusical.pt\/en\/wp-json\/wp\/v2\/posts"}],"about":[{"href":"https:\/\/www.ecletismomusical.pt\/en\/wp-json\/wp\/v2\/types\/post"}],"author":[{"embeddable":true,"href":"https:\/\/www.ecletismomusical.pt\/en\/wp-json\/wp\/v2\/users\/1"}],"replies":[{"embeddable":true,"href":"https:\/\/www.ecletismomusical.pt\/en\/wp-json\/wp\/v2\/comments?post=434"}],"version-history":[{"count":0,"href":"https:\/\/www.ecletismomusical.pt\/en\/wp-json\/wp\/v2\/posts\/434\/revisions"}],"wp:attachment":[{"href":"https:\/\/www.ecletismomusical.pt\/en\/wp-json\/wp\/v2\/media?parent=434"}],"wp:term":[{"taxonomy":"category","embeddable":true,"href":"https:\/\/www.ecletismomusical.pt\/en\/wp-json\/wp\/v2\/categories?post=434"},{"taxonomy":"post_tag","embeddable":true,"href":"https:\/\/www.ecletismomusical.pt\/en\/wp-json\/wp\/v2\/tags?post=434"}],"curies":[{"name":"wp","href":"https:\/\/api.w.org\/{rel}","templated":true}]}}