{"id":435,"date":"2011-01-28T15:26:00","date_gmt":"2011-01-28T15:26:00","guid":{"rendered":"https:\/\/ecletismomusical.pt\/entrevista-emmy-curl\/"},"modified":"2018-06-10T00:26:09","modified_gmt":"2018-06-10T00:26:09","slug":"entrevista-emmy-curl","status":"publish","type":"post","link":"https:\/\/www.ecletismomusical.pt\/en\/entrevista-emmy-curl\/","title":{"rendered":"ENTREVISTA: Emmy Curl (2010)"},"content":{"rendered":"<p><a style=\"clear: left;float: left;margin-bottom: 1em;margin-right: 1em\" href=\"http:\/\/palcoprincipal.sapo.pt\/fotos_noticias\/Image\/Marco2009\/emmycurl.jpg\"><img src=\"http:\/\/palcoprincipal.sapo.pt\/fotos_noticias\/Image\/Marco2009\/emmycurl.jpg\" width=\"213\" height=\"320\" \/><\/a><\/p>\n<div style=\"text-align: justify\"><span style=\"font-family: Arial, Helvetica, sans-serif\">Aos 20 anos, <b>Catarina Miranda<\/b> tem j\u00e1 &#8220;nove anos de carreira&#8221; e \u00e9 uma multifacetada artista. Nascida num ambiente art\u00edstico e beneficiando do isolamento natural provocado por isso ter acontecido em Vila Real, Catarina apresenta um estilo muito pr\u00f3prio em que a melancolia, o encantamento e os ambientes\u00a0buc\u00f3licos transformam as suas composi\u00e7\u00f5es em momentos de rara beleza.\u00a0Num mundo criativo que vai da pintura \u00e0 m\u00fasica e onde se notam os efeitos de n\u00e3o ter crescido num grande centro urbano, <b>Catarina Miranda<\/b> apresenta o seu mundo encantado pela voz de <a href=\"http:\/\/www.myspace.com\/emmycurl\"><b>\u00abEmmy Curl\u00bb<\/b><\/a> e com ela poder\u00e1 chegar muito longe. Se fosse sueca estaria j\u00e1 nas bocas do mundo <i>indie<\/i>, assim, demorar\u00e1 apenas um pouco mais a chegar onde merece. Encontra-se neste momento a ultimar o seu primeiro disco de originais, com sa\u00edda prevista para Mar\u00e7o e teve recentemente direito a um EP editado atrav\u00e9s da <b>Optimus Discos,\u00a0<\/b>dispon\u00edvel para <b>download <\/b><a href=\"http:\/\/www.optimusdiscos.com\/discos\/birds-among-the-lines\"><b>aqui<\/b><\/a><b>!<\/b> No ano passado teve o seu, at\u00e9 agora, momento mais alto, ao ser a artista escolhida para fazer a primeira parte do concerto dos <b>Eels<\/b> no Coliseu. Da entrevista que poder\u00e3o ler em seguida ressalta a maturidade de algu\u00e9m que apesar da sua juventude \u00e9 uma artista de corpo inteiro.<\/span><\/div>\n<div style=\"text-align: justify\"><span style=\"font-family: Arial, Helvetica, sans-serif\">\u00a0<\/span><\/div>\n<div style=\"text-align: justify\">\n<p>&nbsp;<\/p>\n<div>\n<div>\n<div><span style=\"font-family: Arial, Helvetica, sans-serif\"><span style=\"border-collapse: collapse;font-family: arial, sans-serif;font-size: 13px\"><b><span style=\"font-family: Arial, Helvetica, sans-serif;line-height: 18px\"><a href=\"http:\/\/www.myspace.com\/emmycurl\">\u00abEmmy Curl\u00bb<\/a>. De onde apareceu este nome e como descreves a Catarina e a Emmy? Alter Ego ou apenas personagem de fic\u00e7\u00e3o?<\/span><\/b><\/span><\/span><\/div>\n<\/div>\n<\/div>\n<p>&nbsp;<\/p>\n<div>\n<div><span style=\"font-family: Arial, Helvetica, sans-serif\"><span style=\"border-collapse: collapse;font-family: arial, sans-serif;font-size: 13px\"><span style=\"font-family: Arial, Helvetica, sans-serif;line-height: 18px\">Emmy foi um nome que me apareceu ainda na pr\u00e9 adolesc\u00eancia&#8230;como j\u00e1 pintava e tinha uma ideia de como queria fazer a arte decidi dar-me um apelido. Depois Curl apareceu mais tarde, quando um boom de artistas femininas apareceu tamb\u00e9m com o nome de Amy ou com uma sonoridade parecida e pensei que o meu nome precisava de uma sustenta\u00e7\u00e3o at\u00e9 fon\u00e9tica. Caracol \u00e9 al\u00e9m de ser o s\u00edmbolo do meu signo (caranguejo) e representar a lua, encontra-se nos meus desenhos desde que me lembro, sempre fiz cabelos e ornamentos em torno de um papel, por isso decidi que se adequava.<\/span><\/span><\/span><\/div>\n<\/div>\n<div style=\"clear: both;text-align: center\"><a style=\"clear: left;float: left;margin-bottom: 1em;margin-right: 1em\" href=\"http:\/\/2.bp.blogspot.com\/_4AliyzbHyvA\/TOKivTJkrbI\/AAAAAAAAGpQ\/04tYEtH3K84\/s1600\/emmy%2Bcurl.jpg\"><img src=\"http:\/\/2.bp.blogspot.com\/_4AliyzbHyvA\/TOKivTJkrbI\/AAAAAAAAGpQ\/04tYEtH3K84\/s200\/emmy%2Bcurl.jpg\" width=\"200\" height=\"132\" \/><\/a><\/div>\n<p><iframe src=\"http:\/\/www.youtube.com\/embed\/YmyHm-2JW94\" width=\"250\" height=\"150\" frameborder=\"0\" allowfullscreen=\"allowfullscreen\"><\/iframe><\/p>\n<\/div>\n<p><b><span style=\"font-family: Arial, Helvetica, sans-serif\"><span style=\"line-height: 18px\">Como foi o teu percurso art\u00edstico? \u00a0<\/span><\/span><span style=\"font-family: Arial, Helvetica, sans-serif;line-height: 18px\">Sendo ainda muito jovem, j\u00e1 nasceste rodeada da tecnologia, isso permitiu que Vila Real fosse apenas uma porta para o mundo?<\/span><\/b><\/p>\n<div style=\"border-collapse: collapse;font-family: arial, sans-serif;font-size: 13px;text-align: justify\"><span style=\"font-family: Arial, Helvetica, sans-serif;line-height: 18px\">Aprendi a tocar guitarra aos 11 anos, depois nunca parei, os meus pais deram-me algumas aulas de <i>solfejo<\/i> e estudos cl\u00e1ssicos para viola. Quando nos mud\u00e1mos para uma diferente casa, o meu pai construiu numa cave um est\u00fadio para gravar o projecto dele (e da minha m\u00e3e) e aos 14 comecei a gravar muito na base da experiencia, j\u00e1 tinha algumas m\u00fasicas feitas nesse ano e comecei aquela que seria uma das grandes pontes para tudo o que aconteceu. N\u00e3o tinha grande consci\u00eancia do que estava a fazer, aquilo simplesmente dava-me gozo. Para uma menina ouvir nos phones a propria voz \u00e9 uma descoberta incr\u00edvel. (e j\u00e1 desde pequena que o meu sonho era ter um gravador!) Quando depois descobri o Myspace e coloquei l\u00e1 as minhas m\u00fasicas come\u00e7aram a chover propostas de concertos e l\u00e1 ia eu sozinha com uma guitarra tocar para onde fosse.<\/span><\/div>\n<p>&nbsp;<\/p>\n<div style=\"clear: both;text-align: center\"><a style=\"clear: left;float: left;margin-bottom: 1em;margin-right: 1em\" href=\"http:\/\/mediaserver.rr.pt\/newrr\/Emmy_Curl_2540dcc9_537x302.JPG\"><img src=\"http:\/\/mediaserver.rr.pt\/newrr\/Emmy_Curl_2540dcc9_537x302.JPG\" width=\"200\" height=\"111\" \/><\/a><\/div>\n<p><iframe src=\"http:\/\/www.youtube.com\/embed\/XorvnpzkY2c\" width=\"250\" height=\"150\" frameborder=\"0\" allowfullscreen=\"allowfullscreen\"><\/iframe><\/p>\n<div style=\"text-align: justify\"><span style=\"font-family: Arial, Helvetica, sans-serif;font-size: small\"><span style=\"border-collapse: collapse;line-height: 18px\"><b>Ao que parece tens uma quase obsess\u00e3o em ouvir repetidamente as tuas grava\u00e7\u00f5es. Sempre \u00e0 procura do mais \u00ednfimo pormenor a corrigir? O perfeccionismo chega a ser um defeito?<\/b><\/span><\/span><\/div>\n<div style=\"text-align: justify\"><span style=\"font-family: Arial, Helvetica, sans-serif;font-size: small\"><span style=\"border-collapse: collapse;line-height: 18px\">Sim, desde que gravei as primeiras can\u00e7\u00f5es, ou impress\u00f5es, comecei pela\u00a0ca\u00e7a \u00e0 &#8220;voz &#8220;.\u00a0A minha voz n\u00e3o \u00e9 assim, eu trabalhei para chegar \u00e0 voz que tenho e\u00a0desde cedo tenho uma ideia muito\u00a0s\u00f3bria\u00a0daquilo que quero transmitir, ainda n\u00e3o cheguei onde quero, mas estou no caminho certo, penso. Havia noites que ficava em claro a ouvir em repeat can\u00e7\u00f5es que fizera recentes, e a cada repeti\u00e7\u00e3o detestava cada vez mais a m\u00fasica, porque encontrava outro e outro pormenor que n\u00e3o ia de encontro ao meu ideal. No dia seguinte, em vez de ir corrigir os erros fazia uma nova. (risos) Eu tomava (e tomo)\u00a0a m\u00fasica como um processo evolutivo, n\u00e3o me apego demais a elas, porque sei que posso sempre fazer melhor, mas fica sempre uma parte de mim ou um estado de esp\u00edrito na f\u00f3rmula da can\u00e7\u00e3o.<\/span><\/span><\/div>\n<div style=\"text-align: justify\"><span style=\"font-family: Arial, Helvetica, sans-serif\"><span style=\"font-size: x-small\"><span style=\"border-collapse: collapse;line-height: 18px\">\u00a0<\/span><\/span><\/span><\/div>\n<div style=\"text-align: justify\">\n<p>&nbsp;<\/p>\n<div>\n<div><span style=\"font-family: Arial, Helvetica, sans-serif\"><span style=\"font-size: x-small\"><span style=\"border-collapse: collapse;line-height: 18px\"><span style=\"font-family: arial, sans-serif;font-size: 13px;line-height: normal\"><span style=\"font-family: Arial, Helvetica, sans-serif\"><span style=\"line-height: 18px\"><b>Qual \u00e9 a ordem do teu processo criativo? Tens um m\u00e9todo ou varia consoante o momento?<\/b><\/span><\/span><\/span><\/span><\/span><\/span><\/div>\n<\/div>\n<p>&nbsp;<\/p>\n<div style=\"font-family: arial, sans-serif;line-height: normal\"><span style=\"font-family: Arial, Helvetica, sans-serif\"><span style=\"line-height: 18px\">Acho que o meu processo criativo \u00e9 muito igual a todos os artistas, \u00e0s vezes sem querer ele aparece e quando queres que ele apare\u00e7a ele nunca aparece. Para mim \u00e9 facil criar, mas criar e soar m\u00e1gico \u00e9 completamente diferente. A\u00ed \u00e9 que tem o papel da inspira\u00e7\u00e3o, criar \u00e9 f\u00e1cil, mas estar inspirado para criar \u00e9 muito mais complexo.<\/span><\/span><\/div>\n<div style=\"font-family: arial, sans-serif;line-height: normal\"><span style=\"font-family: Arial, Helvetica, sans-serif\"><span style=\"line-height: 18px\">Para mim quando estou isolada crio mais fluentemente, Vila Real, como digo, \u00e9 um antro de isolamento e inspira\u00e7\u00e3o, parece que tudo o que crio dal\u00ed ecoa nas montanhas para o Mundo, faz tudo parecer maior.<\/span><\/span><\/div>\n<div style=\"font-family: arial, sans-serif;line-height: normal\"><span style=\"font-family: Arial, Helvetica, sans-serif\"><span style=\"line-height: 18px\">\u00a0<\/span><\/span><\/div>\n<div style=\"clear: both;font-family: arial, sans-serif;line-height: normal;text-align: center\"><a style=\"clear: left;float: left;margin-bottom: 1em;margin-right: 1em\" href=\"http:\/\/www.radiocampomaior.com\/images\/Deltatejoemmycurl.jpg\"><img src=\"http:\/\/www.radiocampomaior.com\/images\/Deltatejoemmycurl.jpg\" width=\"200\" height=\"131\" \/><\/a><\/div>\n<\/div>\n<p><iframe src=\"http:\/\/www.youtube.com\/embed\/gh1V4PjXQBg\" width=\"250\" height=\"150\" frameborder=\"0\" allowfullscreen=\"allowfullscreen\"><\/iframe><\/p>\n<div style=\"color: black;text-align: justify\">\n<p>&nbsp;<\/p>\n<div>\n<div><span style=\"font-family: Arial, Helvetica, sans-serif\"><span style=\"line-height: 18px\"><b>Como classificas os tr\u00eas anos que passaste no Conservat\u00f3rio Regional de Vila Real e, de uma forma mais abrangente, qual \u00e9 a tua vis\u00e3o relativa ao ensino musical cl\u00e1ssico em contraponto ao, cada vez maior, \u00abautodidactismo\u00bb potenciado pela tecnologia?<\/b><\/span><\/span><\/div>\n<\/div>\n<div><span style=\"font-family: Arial, Helvetica, sans-serif\"><span style=\"line-height: 18px\">Eu respeito todos os artistas e pessoas que pensam que a forma\u00e7\u00e3o cl\u00e1ssica musical \u00e9 o melhor meio para quem quer seguir m\u00fasica. Eu apenas retirei o que achei necess\u00e1rio de tudo aquilo, poderei estar enganada, porque h\u00e1 sempre mais para aprender, mas o meu caminho, achei, era outro. Tenho hoje visibilidade de dois pontos de vista diferentes, para mim acho que devemos tirar s\u00f3\u00a0o necess\u00e1rio para o caminho que queremos fazer, de modo tamb\u00e9m a influenciarmo-nos mais localizadamente e com mais interesse, porque estamos a aprender o que vai\u00a0servir para andar o que eu queremos ser. Por outro lado acho que o ensino nunca \u00e9 demasiado. Um ponto de equil\u00edbrio entre os dois\u00a0seria\u00a0o ideal.\u00a0<\/span><\/span><\/div>\n<div>\n<div><span style=\"font-family: Arial, Helvetica, sans-serif\"><span style=\"line-height: 18px\">Portanto dou gra\u00e7as por ter aprendido aqueles poucos anos de forma\u00e7\u00e3o cl\u00e1ssica que me serviram at\u00e9 hoje, mas para mim, como um ser influenci\u00e1vel, acho que fiz bem em ter feito outro caminho, h\u00e1 coisas que nos esquecemos que temos c\u00e1 dentro quando nos ensinam como devemos fazer algo, e\u00a0toda a minha m\u00fasica \u00e0\u00a0parte do tecnicismo instrumental \u00e9 toda transmitida primitivamente na melodia e na mensagem.<\/span><\/span><\/div>\n<div><\/div>\n<div>\n<div style=\"clear: both;text-align: center\"><a style=\"clear: left;float: left;margin-bottom: 1em;margin-right: 1em\" href=\"http:\/\/www.atribourbana.com\/wp-content\/uploads\/2010\/12\/Captura-de-ecr%C3%A3-2010-12-09-22.38.22.png\"><img src=\"http:\/\/www.atribourbana.com\/wp-content\/uploads\/2010\/12\/Captura-de-ecr%C3%A3-2010-12-09-22.38.22.png\" width=\"400\" height=\"265\" \/><\/a><\/div>\n<p><span style=\"font-family: Arial, Helvetica, sans-serif\"><span style=\"line-height: 18px\">\u00a0<\/span><\/span><\/p>\n<div>\n<p>&nbsp;<\/p>\n<p>Qual\u00a0<span style=\"font-family: Arial, Helvetica, sans-serif;line-height: 18px\"><span style=\"font-size: 13px\">consideras ser o \u00abestado d&#8217;arte\u00bb da m\u00fasica feita em Portugal?<\/span><\/span><\/p>\n<\/div>\n<div><span style=\"font-family: Arial, Helvetica, sans-serif;line-height: 18px\"><span style=\"font-size: 13px\">\u00c9 dif\u00edcil abtrairmo-nos das dificuldades em singrar enquanto musico num pa\u00eds com um mercado e um investimento cultural t\u00e3o pequeno. Existe muita oferta musical, \u00e9 um facto, e facilidade em ouvir o trabalho dos grupos. Gostava de ver mais\u00a0artistas Portugueses a vingar no estrangeiro, sem medo de arriscar. Gostava que se desse valor \u00e0 Arte. Gostava que as pessoas percebessem que a arte tem\u00a0toda a\u00a0import\u00e2ncia para a base de uma sociedade saud\u00e1vel.<\/span><\/span><\/div>\n<div><\/div>\n<div>\n<p>&nbsp;<\/p>\n<div>\n<div style=\"color: #500050\">\n<div><b><span style=\"color: black;font-family: Arial, Helvetica, sans-serif;line-height: 18px\"><span style=\"font-size: 13px\">Como \u00e9 a vida profissional da Catarina para al\u00e9m da Emmy Curl?\u00a0<\/span><\/span><\/b><\/div>\n<\/div>\n<\/div>\n<div style=\"color: #500050\">\n<div><span style=\"font-family: Arial, Helvetica, sans-serif;line-height: 18px\"><span style=\"font-size: 13px\"><span style=\"color: black\">Para al\u00e9m do meu projecto musical\u00a0estou inserida no <b>espect\u00e1culo Rouge<\/b>\u00a0encenado e criado\u00a0por Jo\u00e3o Fino, uma fus\u00e3o de teatro e m\u00fasica, que\u00a0vai dar muito que falar em breve. Tenho um outro projecto pronto a ser editado chamado <b>Deep:her, com\u00a0o Gijoe<\/b>. Tenho um projecto alternativo com a\u00a0Dama Bete, mais electr\u00f3nico indie: <span style=\"color: black\">Cherry Sparks. <\/span><\/span><\/span><\/span><span style=\"color: black\"><span style=\"font-family: Arial, Helvetica, sans-serif;line-height: 18px\"><span style=\"font-size: 13px\">Participei recentemente numa faixa de Frankie Chavez, que vai lan\u00e7ar um CD em breve.<\/span><\/span><\/span><span style=\"color: black;font-family: Arial, Helvetica, sans-serif;line-height: 18px\"><span style=\"font-size: 13px\"> Costumo colaborar com Djs e outros m\u00fasicos sempre que poss\u00edvel.<\/span><\/span><b><\/b><\/div>\n<div><\/div>\n<\/div>\n<\/div>\n<\/div>\n<\/div>\n<\/div>\n<p><iframe src=\"http:\/\/www.youtube.com\/embed\/OpQLJT2WO2s\" width=\"240\" height=\"140\" frameborder=\"0\" allowfullscreen=\"allowfullscreen\"><\/iframe><iframe src=\"http:\/\/www.youtube.com\/embed\/JRRKLXmvFRU\" width=\"240\" height=\"140\" frameborder=\"0\" allowfullscreen=\"allowfullscreen\"><\/iframe><\/p>\n<div style=\"text-align: justify\">\n<p>&nbsp;<\/p>\n<div>\n<div style=\"color: #500050\">\n<div><b><span style=\"color: black;font-family: Arial, Helvetica, sans-serif\"><span style=\"line-height: 18px\"><span style=\"font-size: 13px\">Que nomes colocavas no teu &#8220;festival ideal&#8221;? (Vi<\/span><\/span><\/span><span style=\"color: black;font-family: Arial, Helvetica, sans-serif;line-height: 18px\"><span style=\"font-size: 13px\">vos ou n\u00e3o)<\/span><\/span><\/b><\/div>\n<\/div>\n<\/div>\n<div style=\"color: black\">\n<div>\n<div><span style=\"font-family: Calibri\">Little Dragon, Goldfrapp, Jos\u00e9 Gonzalez, Ivy, Telepopmusik, Bjork, para fechar Edith Piaf e Am\u00e1lia.<\/span><\/div>\n<div><\/div>\n<div>\n<p>&nbsp;<\/p>\n<div style=\"color: black\">\n<div>\n<div>\n<div>\n<p>&nbsp;<\/p>\n<p>O que achas dos novos ve\u00edculos de comunica\u00e7\u00e3o, \u00e9s uma utilizadora convicta? Que meios utilizas?<\/p>\n<\/div>\n<\/div>\n<\/div>\n<\/div>\n<div>\n<div style=\"color: black\"><span style=\"font-family: Arial, Helvetica, sans-serif;line-height: 18px\"><span style=\"font-size: 13px\"><b><b style=\"color: black\"><span style=\"font-weight: normal\">Sim&#8230;uso <\/span><a style=\"font-weight: normal\" href=\"http:\/\/www.facebook.com\/pages\/emmy-Curl#%21\/pages\/emmy-Curl\/156481640287\">facebook<\/a><span style=\"font-weight: normal\"> (risos), mas apenas para partilhar m\u00fasica ou informa\u00e7\u00f5es \u00fateis a todos&#8230;N\u00e3o concordo com\u00a0partilhas\u00a0muito pessoais, porque nunca sabemos quem vai ler. Apesar de eu ser um pouco \u00e0 moda antiga concordo que \u00e9 \u00fatil para todos, e um grande passo na evolu\u00e7\u00e3o da humanidade se usado correctamente.<br \/>\nUso tamb\u00e9m\u00a0o <\/span><\/b><b><span style=\"color: black\"><span style=\"font-weight: normal\">Myspace<\/span><\/span><\/b><b style=\"color: black\"><span style=\"font-weight: normal\"> (<a href=\"http:\/\/www.myspace.com\/emmycurl\">http:\/\/www.myspace.com\/emmycurl<\/a>) e <\/span><\/b><span style=\"color: black\"><span style=\"font-weight: normal\">Youtube<\/span><\/span><b style=\"color: black\"><span style=\"font-weight: normal\"> <a href=\"http:\/\/www.blogger.com\/%28http:\/\/www.youtube.com\/user\/emmyfairyswispers%29\">(http:\/\/www.youtube.com\/user\/emmyfairyswispers).<\/a><\/span><\/b><\/b><\/span><\/span><\/div>\n<div style=\"color: #500050\">\n<div>\n<p>&nbsp;<\/p>\n<div style=\"color: black\">\n<p>&nbsp;<\/p>\n<div>\n<div><span style=\"font-family: Arial, Helvetica, sans-serif;line-height: 18px\"><span style=\"font-size: 13px\"><b>Uma \u00faltima quest\u00e3o, tens planos\/objectivos de carreira definidos? <\/b><\/span><\/span><\/div>\n<\/div>\n<\/div>\n<\/div>\n<div>\n<p>&nbsp;<\/p>\n<div>\n<p><span style=\"font-family: Arial, Helvetica, sans-serif;line-height: 18px\"><span style=\"color: black;font-size: 13px\">Estou a gravar o meu primeiro CD, em Mar\u00e7o estar\u00e1 \u00e0 venda nas lojas!<\/span><\/span><\/p>\n<\/div>\n<\/div>\n<\/div>\n<\/div>\n<\/div>\n<\/div>\n<\/div>\n<\/div>\n<div style=\"text-align: justify\"><iframe src=\"http:\/\/www.youtube.com\/embed\/JWK8mUn_jJw\" width=\"240\" height=\"140\" frameborder=\"0\" allowfullscreen=\"allowfullscreen\"><\/iframe><iframe src=\"http:\/\/www.youtube.com\/embed\/yk2IuD6ujHA\" width=\"240\" height=\"140\" frameborder=\"0\" allowfullscreen=\"allowfullscreen\"><\/iframe><\/div>","protected":false},"excerpt":{"rendered":"<p>Aos 20 anos, Catarina Miranda tem j\u00e1 &#8220;nove anos de carreira&#8221; e \u00e9 uma multifacetada artista. Nascida num ambiente art\u00edstico e beneficiando do isolamento natural provocado por isso ter acontecido em Vila Real, Catarina apresenta um estilo muito pr\u00f3prio em que a melancolia, o encantamento e os ambientes\u00a0buc\u00f3licos transformam as suas composi\u00e7\u00f5es em momentos de<\/p>","protected":false},"author":1,"featured_media":1791,"comment_status":"open","ping_status":"open","sticky":false,"template":"","format":"standard","meta":[],"categories":[25],"tags":[52],"_links":{"self":[{"href":"https:\/\/www.ecletismomusical.pt\/en\/wp-json\/wp\/v2\/posts\/435"}],"collection":[{"href":"https:\/\/www.ecletismomusical.pt\/en\/wp-json\/wp\/v2\/posts"}],"about":[{"href":"https:\/\/www.ecletismomusical.pt\/en\/wp-json\/wp\/v2\/types\/post"}],"author":[{"embeddable":true,"href":"https:\/\/www.ecletismomusical.pt\/en\/wp-json\/wp\/v2\/users\/1"}],"replies":[{"embeddable":true,"href":"https:\/\/www.ecletismomusical.pt\/en\/wp-json\/wp\/v2\/comments?post=435"}],"version-history":[{"count":3,"href":"https:\/\/www.ecletismomusical.pt\/en\/wp-json\/wp\/v2\/posts\/435\/revisions"}],"predecessor-version":[{"id":1915,"href":"https:\/\/www.ecletismomusical.pt\/en\/wp-json\/wp\/v2\/posts\/435\/revisions\/1915"}],"wp:featuredmedia":[{"embeddable":true,"href":"https:\/\/www.ecletismomusical.pt\/en\/wp-json\/wp\/v2\/media\/1791"}],"wp:attachment":[{"href":"https:\/\/www.ecletismomusical.pt\/en\/wp-json\/wp\/v2\/media?parent=435"}],"wp:term":[{"taxonomy":"category","embeddable":true,"href":"https:\/\/www.ecletismomusical.pt\/en\/wp-json\/wp\/v2\/categories?post=435"},{"taxonomy":"post_tag","embeddable":true,"href":"https:\/\/www.ecletismomusical.pt\/en\/wp-json\/wp\/v2\/tags?post=435"}],"curies":[{"name":"wp","href":"https:\/\/api.w.org\/{rel}","templated":true}]}}