{"id":4358,"date":"2019-03-18T11:22:46","date_gmt":"2019-03-18T11:22:46","guid":{"rendered":"https:\/\/www.ecletismomusical.pt\/?p=4358"},"modified":"2019-03-18T11:23:01","modified_gmt":"2019-03-18T11:23:01","slug":"new-single-bezegol-despedida","status":"publish","type":"post","link":"https:\/\/www.ecletismomusical.pt\/en\/new-single-bezegol-despedida\/","title":{"rendered":"[New Single] BEZEGOL &#8211; Despedida"},"content":{"rendered":"<div class=\"wp-block-embed__wrapper\">\n<iframe width=\"900\" height=\"506\" src=\"https:\/\/www.youtube.com\/embed\/uoXj0Zu4je8?feature=oembed\" frameborder=\"0\" allowfullscreen><\/iframe>\n<\/div>\n\n\n\n<p> Album &#8211; <a href=\"https:\/\/www.youtube.com\/redirect?v=uoXj0Zu4je8&amp;event=video_description&amp;redir_token=6Urn9haf_cvLPHukJ2sIA3hwGNp8MTU1Mjk5NDI1MUAxNTUyOTA3ODUx&amp;q=https%3A%2F%2FBezegol7MM.lnk.to%2FguqOiPR\" target=\"_blank\">https:\/\/Bezegol7MM.lnk.to\/guqOiPR<\/a> <\/p>\n\n\n\n<p>Apresenta\u00e7\u00e3o do \u00c1lbum \/ 7mm &#8211; dia 30 de mar\u00e7o no Hard Club Porto  <\/p>","protected":false},"excerpt":{"rendered":"<p>Album &#8211; https:\/\/Bezegol7MM.lnk.to\/guqOiPR Apresenta\u00e7\u00e3o do \u00c1lbum \/ 7mm &#8211; dia 30 de mar\u00e7o no Hard Club Porto<\/p>","protected":false},"author":3,"featured_media":4359,"comment_status":"open","ping_status":"open","sticky":false,"template":"","format":"standard","meta":[],"categories":[26],"tags":[715,87],"_links":{"self":[{"href":"https:\/\/www.ecletismomusical.pt\/en\/wp-json\/wp\/v2\/posts\/4358"}],"collection":[{"href":"https:\/\/www.ecletismomusical.pt\/en\/wp-json\/wp\/v2\/posts"}],"about":[{"href":"https:\/\/www.ecletismomusical.pt\/en\/wp-json\/wp\/v2\/types\/post"}],"author":[{"embeddable":true,"href":"https:\/\/www.ecletismomusical.pt\/en\/wp-json\/wp\/v2\/users\/3"}],"replies":[{"embeddable":true,"href":"https:\/\/www.ecletismomusical.pt\/en\/wp-json\/wp\/v2\/comments?post=4358"}],"version-history":[{"count":1,"href":"https:\/\/www.ecletismomusical.pt\/en\/wp-json\/wp\/v2\/posts\/4358\/revisions"}],"predecessor-version":[{"id":4360,"href":"https:\/\/www.ecletismomusical.pt\/en\/wp-json\/wp\/v2\/posts\/4358\/revisions\/4360"}],"wp:featuredmedia":[{"embeddable":true,"href":"https:\/\/www.ecletismomusical.pt\/en\/wp-json\/wp\/v2\/media\/4359"}],"wp:attachment":[{"href":"https:\/\/www.ecletismomusical.pt\/en\/wp-json\/wp\/v2\/media?parent=4358"}],"wp:term":[{"taxonomy":"category","embeddable":true,"href":"https:\/\/www.ecletismomusical.pt\/en\/wp-json\/wp\/v2\/categories?post=4358"},{"taxonomy":"post_tag","embeddable":true,"href":"https:\/\/www.ecletismomusical.pt\/en\/wp-json\/wp\/v2\/tags?post=4358"}],"curies":[{"name":"wp","href":"https:\/\/api.w.org\/{rel}","templated":true}]}}