{"id":4378,"date":"2019-03-25T11:29:03","date_gmt":"2019-03-25T11:29:03","guid":{"rendered":"https:\/\/www.ecletismomusical.pt\/?p=4378"},"modified":"2019-03-25T11:40:43","modified_gmt":"2019-03-25T11:40:43","slug":"worth-listening-to-tricycles-saliva","status":"publish","type":"post","link":"https:\/\/www.ecletismomusical.pt\/en\/worth-listening-to-tricycles-saliva\/","title":{"rendered":"[Worth Listening To] Tricycles &#8211; Saliva"},"content":{"rendered":"<div class=\"wp-block-embed__wrapper\">\n<iframe width=\"900\" height=\"506\" src=\"https:\/\/www.youtube.com\/embed\/zdPmVqRiYN4?feature=oembed\" frameborder=\"0\" allowfullscreen><\/iframe>\n<\/div>\n\n\n\n<p><strong> &#8220;<\/strong>\u201c<em>Saliva\u201d \u00e9 o novo v\u00eddeo lan\u00e7ado como avan\u00e7o para o \u00e1lbum de estreia dos <a href=\"https:\/\/www.facebook.com\/pg\/tricyclesmusic\/\">Tricycles<\/a> (que tem o mesmo nome da banda), a sair a 29 de Mar\u00e7o, pela Lux Records, gravado e produzido pelo Nelson Carvalho com os Tricycles. <\/em><\/p>\n\n\n\n<p><em>H\u00e1 muitas can\u00e7\u00f5es de amor, mas n\u00e3o s\u00e3o nada f\u00e1ceis de escrever com a dignidade que o amor merece.  Ent\u00e3o, os Tricycles optaram por escrever uma can\u00e7\u00e3o de amor-\u00f3dio. Como n\u00e3o gostam de coisas an\u00e9micas, puseram imenso amor-\u00f3dio nela, muita saliva, unhas e contradi\u00e7\u00f5es, o mesmo piano martelado do princ\u00edpio ao fim, saudade e desprezo (por vezes apaziguado pelas guitarras e outros pianos e todos os outros sons de velhos sintetizadores que estavam escondidos no est\u00fadio) e deixaram ferver at\u00e9 evaporar. O resultado \u00e9 uma m\u00fasica \u00edntima, coberta de sal na ferida. O v\u00eddeo, em desenhos animados, demorou alguns meses a fazer, frame a frame, com muita paci\u00eancia, muito amor e, desta vez, sem qualquer pitada de \u00f3dio.  <\/em><\/p>\n\n\n\n<p><em>Foi realizado pelo Jo\u00e3o Taborda, com a colabora\u00e7\u00e3o do Afonso Barata e a edi\u00e7\u00e3o do Edgar Gomes e do Jo\u00e3o Taborda. Os Tricycles, um conjunto de kidadults de rumo duvidoso, s\u00e3o o Jo\u00e3o Taborda (Ant\u00f3nio Olaio &amp; Jo\u00e3o Taborda), o Afonso Almeida (Cosmic City Blues, Sequoia), o Edgar Gomes (Terb) e o S\u00e9rgio Dias. Come\u00e7aram a ser fabricados quando o S\u00e9rgio (bateria) e o Edgar (baixo) se juntaram ao Afonso (guitarra, voz) e ao Jo\u00e3o (guitarra, teclas, voz), que j\u00e1 andavam a fazer m\u00fasica juntos h\u00e1 algum tempo.<strong> &#8220;<\/strong><\/em><\/p>","protected":false},"excerpt":{"rendered":"<p>&#8220;\u201cSaliva\u201d \u00e9 o novo v\u00eddeo lan\u00e7ado como avan\u00e7o para o \u00e1lbum de estreia dos Tricycles (que tem o mesmo nome da banda), a sair a 29 de Mar\u00e7o, pela Lux Records, gravado e produzido pelo Nelson Carvalho com os Tricycles. H\u00e1 muitas can\u00e7\u00f5es de amor, mas n\u00e3o s\u00e3o nada f\u00e1ceis de escrever com a dignidade<\/p>","protected":false},"author":3,"featured_media":4379,"comment_status":"open","ping_status":"open","sticky":false,"template":"","format":"standard","meta":[],"categories":[30],"tags":[726,725],"_links":{"self":[{"href":"https:\/\/www.ecletismomusical.pt\/en\/wp-json\/wp\/v2\/posts\/4378"}],"collection":[{"href":"https:\/\/www.ecletismomusical.pt\/en\/wp-json\/wp\/v2\/posts"}],"about":[{"href":"https:\/\/www.ecletismomusical.pt\/en\/wp-json\/wp\/v2\/types\/post"}],"author":[{"embeddable":true,"href":"https:\/\/www.ecletismomusical.pt\/en\/wp-json\/wp\/v2\/users\/3"}],"replies":[{"embeddable":true,"href":"https:\/\/www.ecletismomusical.pt\/en\/wp-json\/wp\/v2\/comments?post=4378"}],"version-history":[{"count":2,"href":"https:\/\/www.ecletismomusical.pt\/en\/wp-json\/wp\/v2\/posts\/4378\/revisions"}],"predecessor-version":[{"id":4381,"href":"https:\/\/www.ecletismomusical.pt\/en\/wp-json\/wp\/v2\/posts\/4378\/revisions\/4381"}],"wp:featuredmedia":[{"embeddable":true,"href":"https:\/\/www.ecletismomusical.pt\/en\/wp-json\/wp\/v2\/media\/4379"}],"wp:attachment":[{"href":"https:\/\/www.ecletismomusical.pt\/en\/wp-json\/wp\/v2\/media?parent=4378"}],"wp:term":[{"taxonomy":"category","embeddable":true,"href":"https:\/\/www.ecletismomusical.pt\/en\/wp-json\/wp\/v2\/categories?post=4378"},{"taxonomy":"post_tag","embeddable":true,"href":"https:\/\/www.ecletismomusical.pt\/en\/wp-json\/wp\/v2\/tags?post=4378"}],"curies":[{"name":"wp","href":"https:\/\/api.w.org\/{rel}","templated":true}]}}