{"id":439,"date":"2011-01-19T13:58:00","date_gmt":"2011-01-19T13:58:00","guid":{"rendered":"https:\/\/ecletismomusical.pt\/manowar-em-portugal\/"},"modified":"2011-01-19T13:58:00","modified_gmt":"2011-01-19T13:58:00","slug":"manowar-em-portugal","status":"publish","type":"post","link":"https:\/\/www.ecletismomusical.pt\/en\/manowar-em-portugal\/","title":{"rendered":"MANOWAR em PORTUGAL!!!"},"content":{"rendered":"<div style=\"clear: both;text-align: center\"><a href=\"http:\/\/www.mp3crank.com\/cover-album\/HeavyMetalManowar-BattleHymnsMMXI-300x300.jpg\" style=\"clear: left;float: left;margin-bottom: 1em;margin-right: 1em\"><img src=\"http:\/\/www.mp3crank.com\/cover-album\/HeavyMetalManowar-BattleHymnsMMXI-300x300.jpg\" \/><\/a><\/div>\n<p><\/p>\n<div style=\"text-align: justify\"><span style=\"font-family: Arial, Helvetica, sans-serif\"><br \/><\/span><\/div>\n<div style=\"text-align: justify\"><span style=\"font-family: Arial, Helvetica, sans-serif\"><br \/>Este talvez seja para muitos dos habituais leitores do <b>Electismo Musical<\/b> um &#8220;post estranho&#8221; mas, \u00e9 com grande entusiasmo que o EM anuncia que:<\/span><\/div>\n<div style=\"text-align: justify\"><span style=\"font-family: Arial, Helvetica, sans-serif\"><br \/><\/span><\/div>\n<p><\/p>\n<div style=\"text-align: justify\"><span style=\"font-family: Arial, Helvetica, sans-serif\"><b><span style=\"border-collapse: collapse\">\u00abAp\u00f3s 12 anos de espera, a banda norte-americana de heavy metal&nbsp;<\/span><span style=\"border-collapse: collapse\"><span style=\"margin-bottom: 0px;margin-left: 0px;margin-right: 0px;margin-top: 0px;padding-bottom: 0px;padding-left: 0px;padding-right: 0px;padding-top: 0px\"><a href=\"http:\/\/www.manowar.com\/\">Manowar<\/a><\/span><\/span><span style=\"border-collapse: collapse\">&nbsp;<\/span><span style=\"border-collapse: collapse\">est\u00e1 de volta a Portugal.<\/span><\/b><\/span><br \/><span style=\"font-family: Arial, Helvetica, sans-serif\"><b><span style=\"border-collapse: collapse\"><br \/><\/span><\/b><\/span><\/div>\n<p><span style=\"border-collapse: collapse\"><\/span><\/p>\n<div style=\"text-align: justify\"><span style=\"border-collapse: collapse\"><span style=\"font-family: Arial, Helvetica, sans-serif\"><b>Dia 2 de Abril de 2011 o Campo Pequeno<\/b> vai receber a banda conhecida por tocar mais alto e que tem o melhor sistema de som do mundo. Este grupo det\u00e9m tamb\u00e9m o recorde mundial do concerto mais longo da hist\u00f3ria. Recordes registados no &#8220;Livro Guiness dos Recordes&#8221;.\u00bb<\/span><\/span><br \/><span style=\"border-collapse: collapse\"><span style=\"font-family: Arial, Helvetica, sans-serif\"><br \/><\/span><\/span><\/div>\n<div style=\"text-align: justify\">\n<div style=\"text-align: left\"><span style=\"border-collapse: collapse\"> A<span style=\"font-family: Arial, Helvetica, sans-serif\"> \u00faltima vez que c\u00e1 estiveram, na antiga <b>Pra\u00e7a Sony da Expo 98<\/b>, foi simplesmente assim:<\/span><\/span><\/div>\n<\/div>","protected":false},"excerpt":{"rendered":"<p>Este talvez seja para muitos dos habituais leitores do Electismo Musical um &#8220;post estranho&#8221; mas, \u00e9 com grande entusiasmo que o EM anuncia que: \u00abAp\u00f3s 12 anos de espera, a banda norte-americana de heavy metal&nbsp;Manowar&nbsp;est\u00e1 de volta a Portugal. Dia 2 de Abril de 2011 o Campo Pequeno vai receber a banda conhecida por tocar<\/p>","protected":false},"author":1,"featured_media":0,"comment_status":"open","ping_status":"open","sticky":false,"template":"","format":"standard","meta":[],"categories":[1],"tags":[],"_links":{"self":[{"href":"https:\/\/www.ecletismomusical.pt\/en\/wp-json\/wp\/v2\/posts\/439"}],"collection":[{"href":"https:\/\/www.ecletismomusical.pt\/en\/wp-json\/wp\/v2\/posts"}],"about":[{"href":"https:\/\/www.ecletismomusical.pt\/en\/wp-json\/wp\/v2\/types\/post"}],"author":[{"embeddable":true,"href":"https:\/\/www.ecletismomusical.pt\/en\/wp-json\/wp\/v2\/users\/1"}],"replies":[{"embeddable":true,"href":"https:\/\/www.ecletismomusical.pt\/en\/wp-json\/wp\/v2\/comments?post=439"}],"version-history":[{"count":0,"href":"https:\/\/www.ecletismomusical.pt\/en\/wp-json\/wp\/v2\/posts\/439\/revisions"}],"wp:attachment":[{"href":"https:\/\/www.ecletismomusical.pt\/en\/wp-json\/wp\/v2\/media?parent=439"}],"wp:term":[{"taxonomy":"category","embeddable":true,"href":"https:\/\/www.ecletismomusical.pt\/en\/wp-json\/wp\/v2\/categories?post=439"},{"taxonomy":"post_tag","embeddable":true,"href":"https:\/\/www.ecletismomusical.pt\/en\/wp-json\/wp\/v2\/tags?post=439"}],"curies":[{"name":"wp","href":"https:\/\/api.w.org\/{rel}","templated":true}]}}