{"id":441,"date":"2011-01-13T14:37:00","date_gmt":"2011-01-13T14:37:00","guid":{"rendered":"https:\/\/ecletismomusical.pt\/xutos-pontapes-32-anos\/"},"modified":"2011-01-13T14:37:00","modified_gmt":"2011-01-13T14:37:00","slug":"xutos-pontapes-32-anos","status":"publish","type":"post","link":"https:\/\/www.ecletismomusical.pt\/en\/xutos-pontapes-32-anos\/","title":{"rendered":"Xutos &#038; Pontap\u00e9s: 32 Anos"},"content":{"rendered":"<div style=\"clear: both;text-align: center\"><a href=\"http:\/\/1.bp.blogspot.com\/_ac16-nakXZ4\/SW0POIdNaoI\/AAAAAAAAERw\/maCZLfr_Z2A\/s400\/xutos_.jpg\" style=\"clear: left;float: left;margin-bottom: 1em;margin-right: 1em\"><img src=\"http:\/\/1.bp.blogspot.com\/_ac16-nakXZ4\/SW0POIdNaoI\/AAAAAAAAERw\/maCZLfr_Z2A\/s400\/xutos_.jpg\" \/><\/a><\/div>\n<p><\/p>\n<div style=\"font-family: Arial, sans-serif;font-size: 13px\"><i>\u00abNo dia 13 de Janeiro de 1979 a sala dos Alunos de Apolo estava cheia e enfumarada. Na pista de dan\u00e7a os pares vestidos a rigor pareciam sa\u00eddos de algum filme dos anos cinquenta, popas, rabos-de-cavalo, saias rodadas, blus\u00f5es de cabedal, brilhantina a rodos, sapatos com sola de ceil\u00e3o, botas de salto espanhol, cais-cais ousados, camisolas de gola alta&#8230; (&#8230;).<\/i><\/div>\n<div style=\"font-family: Arial, sans-serif;font-size: 13px\"><i>Era a festa comemorativa dos 25 do&nbsp;Rock&#8217;n Roll!<\/i><\/div>\n<div style=\"font-family: Arial, sans-serif;font-size: 13px\"><i>(&#8230;)<\/i><\/div>\n<div style=\"font-family: Arial, sans-serif;font-size: 13px\"><i>A surpresa seria a apresenta\u00e7\u00e3o de uma banda estreante, os&nbsp;Xutos &amp; Pontap\u00e9s Rock&#8217;n roll Band, que fazia quest\u00e3o em frisar que&nbsp;Rock&#8217;n roll Band&nbsp;era apelido. J\u00e1 passava das tr\u00eas da manh\u00e3 quando invadiram o palco como um tornado, debitaram a uma velocidade incr\u00edvel quatro temas originais e abandonaram o palco sem que muitos dos presentes dessem por eles.\u00bb<\/i><\/div>\n<div style=\"font-family: Arial, sans-serif;font-size: 13px\"><i><br \/><span style=\"font-size: 11px\">Ana Cristina Ferr\u00e3o,&nbsp;Conta-me Hist\u00f3rias &#8211; Xutos &amp; Pontap\u00e9s, Ass\u00edrio &amp; Alvim, 2009, p. 27<\/span><\/i><\/div>\n<div style=\"font-family: Arial, sans-serif;font-size: 13px\">\n<div style=\"clear: both;text-align: center\"><a href=\"http:\/\/www.cfigueiraeventos.com\/wp-content\/uploads\/2009\/05\/xutos.jpg\" style=\"clear: left;float: left;margin-bottom: 1em;margin-right: 1em\"><img height=\"192\" src=\"http:\/\/www.cfigueiraeventos.com\/wp-content\/uploads\/2009\/05\/xutos.jpg\" width=\"320\" \/><\/a><\/div>\n<p><i><span style=\"font-size: 11px\"><br \/><\/span><\/i><\/div>","protected":false},"excerpt":{"rendered":"<p>\u00abNo dia 13 de Janeiro de 1979 a sala dos Alunos de Apolo estava cheia e enfumarada. Na pista de dan\u00e7a os pares vestidos a rigor pareciam sa\u00eddos de algum filme dos anos cinquenta, popas, rabos-de-cavalo, saias rodadas, blus\u00f5es de cabedal, brilhantina a rodos, sapatos com sola de ceil\u00e3o, botas de salto espanhol, cais-cais ousados,<\/p>","protected":false},"author":1,"featured_media":0,"comment_status":"open","ping_status":"open","sticky":false,"template":"","format":"standard","meta":[],"categories":[1],"tags":[],"_links":{"self":[{"href":"https:\/\/www.ecletismomusical.pt\/en\/wp-json\/wp\/v2\/posts\/441"}],"collection":[{"href":"https:\/\/www.ecletismomusical.pt\/en\/wp-json\/wp\/v2\/posts"}],"about":[{"href":"https:\/\/www.ecletismomusical.pt\/en\/wp-json\/wp\/v2\/types\/post"}],"author":[{"embeddable":true,"href":"https:\/\/www.ecletismomusical.pt\/en\/wp-json\/wp\/v2\/users\/1"}],"replies":[{"embeddable":true,"href":"https:\/\/www.ecletismomusical.pt\/en\/wp-json\/wp\/v2\/comments?post=441"}],"version-history":[{"count":0,"href":"https:\/\/www.ecletismomusical.pt\/en\/wp-json\/wp\/v2\/posts\/441\/revisions"}],"wp:attachment":[{"href":"https:\/\/www.ecletismomusical.pt\/en\/wp-json\/wp\/v2\/media?parent=441"}],"wp:term":[{"taxonomy":"category","embeddable":true,"href":"https:\/\/www.ecletismomusical.pt\/en\/wp-json\/wp\/v2\/categories?post=441"},{"taxonomy":"post_tag","embeddable":true,"href":"https:\/\/www.ecletismomusical.pt\/en\/wp-json\/wp\/v2\/tags?post=441"}],"curies":[{"name":"wp","href":"https:\/\/api.w.org\/{rel}","templated":true}]}}