{"id":442,"date":"2011-01-13T11:38:00","date_gmt":"2011-01-13T11:38:00","guid":{"rendered":"https:\/\/ecletismomusical.pt\/a-verdadeira-beleza-natural-nunca-se-desvanece\/"},"modified":"2011-01-13T11:38:00","modified_gmt":"2011-01-13T11:38:00","slug":"a-verdadeira-beleza-natural-nunca-se-desvanece","status":"publish","type":"post","link":"https:\/\/www.ecletismomusical.pt\/en\/a-verdadeira-beleza-natural-nunca-se-desvanece\/","title":{"rendered":"&#8220;A verdadeira beleza natural nunca se desvanece&#8221;"},"content":{"rendered":"<div style=\"clear: both;text-align: center\"><a href=\"http:\/\/www.noukster.com\/pic\/1998b.jpg\" style=\"clear: left;float: left;margin-bottom: 1em;margin-right: 1em\"><span style=\"font-family: Arial, Helvetica, sans-serif\"><img height=\"320\" src=\"http:\/\/www.noukster.com\/pic\/1998b.jpg\" width=\"255\" \/><\/span><\/a><\/div>\n<p><b><\/p>\n<p><\/b><\/p>\n<div style=\"text-align: justify\"><b><span style=\"font-family: Arial, Helvetica, sans-serif\"><span style=\"font-weight: normal\"><b><\/p>\n<p>Em 1998<\/b><\/span><span style=\"font-weight: normal\">, a Holandesa <\/span><span style=\"font-weight: normal\"><b><a href=\"http:\/\/www.anouk.com\/\">Anouk<\/a><\/b><\/span><span style=\"font-weight: normal\">, na altura com 23 anos e solteira, participou no <\/span><span style=\"font-weight: normal\"><b>Festival&nbsp;<\/b><\/span><span style=\"font-weight: normal\"><span><b>Pinkpop<\/b> e teve uma presta\u00e7\u00e3o avassaladora, retirando inclusivamente a t-shirt que vestia no in\u00edcio do concerto, depois de ter sido atingida por um ovo:<\/span><\/span><\/span><\/b><\/div>\n<p><span style=\"font-family: Arial, Helvetica, sans-serif\"><br \/><\/span><br \/><span style=\"font-family: Arial, Helvetica, sans-serif\"><\/span><br \/><span style=\"font-family: Arial, Helvetica, sans-serif\"><br \/><\/span><\/p>\n<div style=\"clear: both;text-align: center\"><a href=\"http:\/\/nunetherlands.files.wordpress.com\/2008\/08\/anouk-1.jpg\" style=\"clear: left;float: left;margin-bottom: 1em;margin-right: 1em\"><span style=\"font-family: Arial, Helvetica, sans-serif\"><img height=\"319\" src=\"http:\/\/nunetherlands.files.wordpress.com\/2008\/08\/anouk-1.jpg\" width=\"320\" \/><\/span><\/a><\/div>\n<p><span style=\"font-family: Arial, Helvetica, sans-serif\"><br \/><b><\/p>\n<p>Em 2008<\/b>, j\u00e1 com 33 anos, casada e m\u00e3e de tr\u00eas filhos, <b><a href=\"http:\/\/www.anouk.com\/\">Anouk<\/a> <\/b>deu um concerto para 60 mil pessoas, integrado na Tour \u00ab<\/span><span style=\"font-family: sans-serif;line-height: 19px\">Who&#8217;s Your Momma\u00bb<\/span><span style=\"font-family: Arial, Helvetica, sans-serif\">&nbsp;e foi assim:<\/span><br \/><\/p>","protected":false},"excerpt":{"rendered":"<p>Em 1998, a Holandesa Anouk, na altura com 23 anos e solteira, participou no Festival&nbsp;Pinkpop e teve uma presta\u00e7\u00e3o avassaladora, retirando inclusivamente a t-shirt que vestia no in\u00edcio do concerto, depois de ter sido atingida por um ovo: Em 2008, j\u00e1 com 33 anos, casada e m\u00e3e de tr\u00eas filhos, Anouk deu um concerto para<\/p>","protected":false},"author":1,"featured_media":0,"comment_status":"open","ping_status":"open","sticky":false,"template":"","format":"standard","meta":[],"categories":[1],"tags":[],"_links":{"self":[{"href":"https:\/\/www.ecletismomusical.pt\/en\/wp-json\/wp\/v2\/posts\/442"}],"collection":[{"href":"https:\/\/www.ecletismomusical.pt\/en\/wp-json\/wp\/v2\/posts"}],"about":[{"href":"https:\/\/www.ecletismomusical.pt\/en\/wp-json\/wp\/v2\/types\/post"}],"author":[{"embeddable":true,"href":"https:\/\/www.ecletismomusical.pt\/en\/wp-json\/wp\/v2\/users\/1"}],"replies":[{"embeddable":true,"href":"https:\/\/www.ecletismomusical.pt\/en\/wp-json\/wp\/v2\/comments?post=442"}],"version-history":[{"count":0,"href":"https:\/\/www.ecletismomusical.pt\/en\/wp-json\/wp\/v2\/posts\/442\/revisions"}],"wp:attachment":[{"href":"https:\/\/www.ecletismomusical.pt\/en\/wp-json\/wp\/v2\/media?parent=442"}],"wp:term":[{"taxonomy":"category","embeddable":true,"href":"https:\/\/www.ecletismomusical.pt\/en\/wp-json\/wp\/v2\/categories?post=442"},{"taxonomy":"post_tag","embeddable":true,"href":"https:\/\/www.ecletismomusical.pt\/en\/wp-json\/wp\/v2\/tags?post=442"}],"curies":[{"name":"wp","href":"https:\/\/api.w.org\/{rel}","templated":true}]}}