{"id":4492,"date":"2019-04-25T13:21:11","date_gmt":"2019-04-25T12:21:11","guid":{"rendered":"https:\/\/www.ecletismomusical.pt\/?p=4492"},"modified":"2019-04-25T13:36:22","modified_gmt":"2019-04-25T12:36:22","slug":"25-de-abril-sempre-musica-de-outrora-agora","status":"publish","type":"post","link":"https:\/\/www.ecletismomusical.pt\/en\/25-de-abril-sempre-musica-de-outrora-agora\/","title":{"rendered":"[25 de Abril Sempre!] M\u00fasica de Outrora, Agora!"},"content":{"rendered":"<p>45 anos depois, hoje e sempre, \u00e9 importante celebrar todos aqueles que contribu\u00edram para que, com o poder da sua arte, a sociedade portuguesa fosse mais moderna, mais livre e, sobretudo, mais rica culturalmente!<\/p>\n\n\n\n<p>Ao longo dos anos, muitas vers\u00f5es foram feitas dos cl\u00e1ssicos de interven\u00e7\u00e3o. Este ano, optou-se por apresentar apenas algumas vers\u00f5es menos conhecidas ou mais recentes de alguns dos cl\u00e1ssicos (n\u00e3o esquecer que foram escritas em tempo de CENSURA) da hist\u00f3ria da m\u00fasica portuguesa.<\/p>\n\n\n\n<p><\/p>\n\n\n\n<p><strong>Zeca Afonso &#8211; Vejam Bem<\/strong><\/p>\n\n\n\n<div class=\"wp-block-embed__wrapper\">\n<iframe width=\"900\" height=\"675\" src=\"https:\/\/www.youtube.com\/embed\/Io_RidA1mlI?feature=oembed\" frameborder=\"0\" allowfullscreen><\/iframe>\n<\/div>\n\n\n\n<p><\/p>\n\n\n\n<p><strong>Marisa Liz e Tiago Pais Dias &#8211; Vejam Bem<\/strong><\/p>\n\n\n\n<div class=\"wp-block-embed__wrapper\">\n<iframe width=\"900\" height=\"506\" src=\"https:\/\/www.youtube.com\/embed\/g2rdu6MCTDw?feature=oembed\" frameborder=\"0\" allowfullscreen><\/iframe>\n<\/div>\n\n\n\n<p><\/p>\n\n\n\n<p><strong>Adriano Correia de Oliveira &#8211; Trova do Vento que Passa (Letra Manuel Alegre)<\/strong><\/p>\n\n\n\n<div class=\"wp-block-embed__wrapper\">\nhttps:\/\/www.youtube.com\/watch?v=oP0_mRcW01g\n<\/div>\n\n\n\n<p><\/p>\n\n\n\n<p><strong>Ana Deus &amp; Dead Combo &#8211;<\/strong> <strong>Trova do Vento que Passa<\/strong><\/p>\n\n\n\n<div class=\"wp-block-embed__wrapper\">\n<iframe width=\"900\" height=\"506\" src=\"https:\/\/www.youtube.com\/embed\/6raI_WShrB0?feature=oembed\" frameborder=\"0\" allowfullscreen><\/iframe>\n<\/div>\n\n\n\n<p><\/p>\n\n\n\n<p><strong>S\u00e9rgio Godinho &#8211; Mar\u00e9 Alta<\/strong><\/p>\n\n\n\n<div class=\"wp-block-embed__wrapper\">\n<iframe width=\"900\" height=\"675\" src=\"https:\/\/www.youtube.com\/embed\/oj--AAW8Do8?feature=oembed\" frameborder=\"0\" allowfullscreen><\/iframe>\n<\/div>\n\n\n\n<h5><\/h5>\n\n\n\n<p><strong>B Fachada (feat. Minta &amp; Jo\u00e3o Correia) &#8211; Mar\u00e9 alta<\/strong><\/p>\n\n\n\n<div class=\"wp-block-embed__wrapper\">\n<iframe width=\"900\" height=\"675\" src=\"https:\/\/www.youtube.com\/embed\/lAquGyzTgDs?feature=oembed\" frameborder=\"0\" allowfullscreen><\/iframe>\n<\/div>\n\n\n\n<p><\/p>\n\n\n\n<p><strong>Carlos Paredes &#8211; Verdes Anos<\/strong><\/p>\n\n\n\n<div class=\"wp-block-embed__wrapper\">\n<iframe width=\"900\" height=\"506\" src=\"https:\/\/www.youtube.com\/embed\/s2TLCGcj6y8?feature=oembed\" frameborder=\"0\" allowfullscreen><\/iframe>\n<\/div>\n\n\n\n<p><\/p>\n\n\n\n<p><strong>Stereossauro &#8211; Verdes Anos remix part 1 e 2 ft Dj Ride<\/strong><\/p>\n\n\n\n<div class=\"wp-block-embed__wrapper\">\n<iframe width=\"900\" height=\"506\" src=\"https:\/\/www.youtube.com\/embed\/tv_lK_f1Wgs?feature=oembed\" frameborder=\"0\" allowfullscreen><\/iframe>\n<\/div>\n\n\n\n<p><\/p>\n\n\n\n<p>L<strong>u\u00eds C\u00edlia &#8211; \u00c9 preciso avisar toda a gente<\/strong><\/p>\n\n\n\n<div class=\"wp-block-embed__wrapper\">\n<iframe width=\"900\" height=\"506\" src=\"https:\/\/www.youtube.com\/embed\/lqe9_ZVOtU0?feature=oembed\" frameborder=\"0\" allowfullscreen><\/iframe>\n<\/div>\n\n\n\n<p><\/p>\n\n\n\n<p><strong>O Martim &#8211; \u00c9 Preciso Avisar Toda a Gente<\/strong><\/p>\n\n\n\n<div class=\"wp-block-embed__wrapper\">\nhttps:\/\/www.youtube.com\/watch?v=H3sQckE2Z-w\n<\/div>\n\n\n\n<p><\/p>\n\n\n\n<p><strong>Zeca Afonso &#8211; Gr\u00e2ndola, Vila Morena<\/strong><\/p>\n\n\n\n<div class=\"wp-block-embed__wrapper\">\n<iframe width=\"900\" height=\"675\" src=\"https:\/\/www.youtube.com\/embed\/_KFZwGy1eJ4?feature=oembed\" frameborder=\"0\" allowfullscreen><\/iframe>\n<\/div>\n\n\n\n<p><\/p>\n\n\n\n<p><strong>Jorge Palma &#8211; Gr\u00e2ndola, Vila Morena<\/strong><\/p>\n\n\n\n<div class=\"wp-block-embed__wrapper\">\n<iframe width=\"900\" height=\"506\" src=\"https:\/\/www.youtube.com\/embed\/78TK3tRhoH4?feature=oembed\" frameborder=\"0\" allowfullscreen><\/iframe>\n<\/div>\n\n\n\n<p><\/p>\n\n\n\n<p><strong>Jos\u00e9 Afonso &#8211; Os Vampiros<\/strong><\/p>\n\n\n\n<div class=\"wp-block-embed__wrapper\">\n<iframe width=\"900\" height=\"675\" src=\"https:\/\/www.youtube.com\/embed\/ZUEeBhhuUos?feature=oembed\" frameborder=\"0\" allowfullscreen><\/iframe>\n<\/div>\n\n\n\n<p><\/p>\n\n\n\n<p><strong>Gisela Jo\u00e3o. Nicolas Jaar &amp; Dave Harrington&nbsp; &#8211; Os Vampiros<\/strong><\/p>\n\n\n\n<div class=\"wp-block-embed__wrapper\">\n<iframe width=\"900\" height=\"506\" src=\"https:\/\/www.youtube.com\/embed\/6jUWNStj65M?feature=oembed\" frameborder=\"0\" allowfullscreen><\/iframe>\n<\/div>\n\n\n\n<p class=\"has-medium-font-size\">A todos os que lutaram, acima de tudo, pela <strong>LIBERDADE<\/strong>,  <br>Obrigado! <br><\/p>\n\n\n\n<p><\/p>\n\n\n\n<p><\/p>","protected":false},"excerpt":{"rendered":"<p>45 anos depois, hoje e sempre, \u00e9 importante celebrar todos aqueles que contribu\u00edram para que, com o poder da sua arte, a sociedade portuguesa fosse mais moderna, mais livre e, sobretudo, mais rica culturalmente! Ao longo dos anos, muitas vers\u00f5es foram feitas dos cl\u00e1ssicos de interven\u00e7\u00e3o. Este ano, optou-se por apresentar apenas algumas vers\u00f5es menos<\/p>","protected":false},"author":3,"featured_media":4493,"comment_status":"open","ping_status":"open","sticky":false,"template":"","format":"standard","meta":[],"categories":[221],"tags":[117],"_links":{"self":[{"href":"https:\/\/www.ecletismomusical.pt\/en\/wp-json\/wp\/v2\/posts\/4492"}],"collection":[{"href":"https:\/\/www.ecletismomusical.pt\/en\/wp-json\/wp\/v2\/posts"}],"about":[{"href":"https:\/\/www.ecletismomusical.pt\/en\/wp-json\/wp\/v2\/types\/post"}],"author":[{"embeddable":true,"href":"https:\/\/www.ecletismomusical.pt\/en\/wp-json\/wp\/v2\/users\/3"}],"replies":[{"embeddable":true,"href":"https:\/\/www.ecletismomusical.pt\/en\/wp-json\/wp\/v2\/comments?post=4492"}],"version-history":[{"count":8,"href":"https:\/\/www.ecletismomusical.pt\/en\/wp-json\/wp\/v2\/posts\/4492\/revisions"}],"predecessor-version":[{"id":4504,"href":"https:\/\/www.ecletismomusical.pt\/en\/wp-json\/wp\/v2\/posts\/4492\/revisions\/4504"}],"wp:featuredmedia":[{"embeddable":true,"href":"https:\/\/www.ecletismomusical.pt\/en\/wp-json\/wp\/v2\/media\/4493"}],"wp:attachment":[{"href":"https:\/\/www.ecletismomusical.pt\/en\/wp-json\/wp\/v2\/media?parent=4492"}],"wp:term":[{"taxonomy":"category","embeddable":true,"href":"https:\/\/www.ecletismomusical.pt\/en\/wp-json\/wp\/v2\/categories?post=4492"},{"taxonomy":"post_tag","embeddable":true,"href":"https:\/\/www.ecletismomusical.pt\/en\/wp-json\/wp\/v2\/tags?post=4492"}],"curies":[{"name":"wp","href":"https:\/\/api.w.org\/{rel}","templated":true}]}}