{"id":450,"date":"2010-12-21T16:33:00","date_gmt":"2010-12-21T16:33:00","guid":{"rendered":"https:\/\/ecletismomusical.pt\/the-strokes-no-super-bock-super-rock-a-16-de-julho\/"},"modified":"2010-12-21T16:33:00","modified_gmt":"2010-12-21T16:33:00","slug":"the-strokes-no-super-bock-super-rock-a-16-de-julho","status":"publish","type":"post","link":"https:\/\/www.ecletismomusical.pt\/en\/the-strokes-no-super-bock-super-rock-a-16-de-julho\/","title":{"rendered":"The Strokes no Super Bock Super Rock a 16 de Julho"},"content":{"rendered":"<div style=\"clear: both;text-align: center\"><a href=\"http:\/\/movethatjukebox.com\/wp-content\/uploads\/2009\/11\/strokes.jpg\" style=\"clear: left;float: left;margin-bottom: 1em;margin-right: 1em\"><img height=\"256\" src=\"http:\/\/movethatjukebox.com\/wp-content\/uploads\/2009\/11\/strokes.jpg\" width=\"320\" \/><\/a><\/div>\n<div style=\"text-align: justify\"><span style=\"font-family: Arial, Helvetica, sans-serif\"><br \/><\/span><br \/><span style=\"font-family: Arial, Helvetica, sans-serif\"><\/p>\n<p>Os <b><a href=\"http:\/\/www.thestrokes.com\/\">Strokes<\/a><\/b> v\u00e3o voltar a Portugal para a edi\u00e7\u00e3o do pr\u00f3ximo ano do <b>Festival Super Bock Super Rock<\/b>, junto \u00e0 praia do Meco, em Sesimbra.&nbsp;&nbsp;Ir\u00e3o actuar no \u00faltimo dia do Festival que ocorrer\u00e1 entre <b>14 e 16 de Julho<\/b>.<\/span><\/div>\n<div style=\"text-align: justify\"><span style=\"font-family: Arial, Helvetica, sans-serif\"><br \/><\/span><\/div>\n<p><\/p>","protected":false},"excerpt":{"rendered":"<p>Os Strokes v\u00e3o voltar a Portugal para a edi\u00e7\u00e3o do pr\u00f3ximo ano do Festival Super Bock Super Rock, junto \u00e0 praia do Meco, em Sesimbra.&nbsp;&nbsp;Ir\u00e3o actuar no \u00faltimo dia do Festival que ocorrer\u00e1 entre 14 e 16 de Julho.<\/p>","protected":false},"author":1,"featured_media":0,"comment_status":"open","ping_status":"open","sticky":false,"template":"","format":"standard","meta":[],"categories":[1],"tags":[],"_links":{"self":[{"href":"https:\/\/www.ecletismomusical.pt\/en\/wp-json\/wp\/v2\/posts\/450"}],"collection":[{"href":"https:\/\/www.ecletismomusical.pt\/en\/wp-json\/wp\/v2\/posts"}],"about":[{"href":"https:\/\/www.ecletismomusical.pt\/en\/wp-json\/wp\/v2\/types\/post"}],"author":[{"embeddable":true,"href":"https:\/\/www.ecletismomusical.pt\/en\/wp-json\/wp\/v2\/users\/1"}],"replies":[{"embeddable":true,"href":"https:\/\/www.ecletismomusical.pt\/en\/wp-json\/wp\/v2\/comments?post=450"}],"version-history":[{"count":0,"href":"https:\/\/www.ecletismomusical.pt\/en\/wp-json\/wp\/v2\/posts\/450\/revisions"}],"wp:attachment":[{"href":"https:\/\/www.ecletismomusical.pt\/en\/wp-json\/wp\/v2\/media?parent=450"}],"wp:term":[{"taxonomy":"category","embeddable":true,"href":"https:\/\/www.ecletismomusical.pt\/en\/wp-json\/wp\/v2\/categories?post=450"},{"taxonomy":"post_tag","embeddable":true,"href":"https:\/\/www.ecletismomusical.pt\/en\/wp-json\/wp\/v2\/tags?post=450"}],"curies":[{"name":"wp","href":"https:\/\/api.w.org\/{rel}","templated":true}]}}