{"id":4555,"date":"2019-05-08T16:41:27","date_gmt":"2019-05-08T15:41:27","guid":{"rendered":"https:\/\/www.ecletismomusical.pt\/?p=4555"},"modified":"2019-05-08T18:13:41","modified_gmt":"2019-05-08T17:13:41","slug":"new-single-isaura-uma-frase-nao-faz-a-cancao-ft-luisa-sobral","status":"publish","type":"post","link":"https:\/\/www.ecletismomusical.pt\/en\/new-single-isaura-uma-frase-nao-faz-a-cancao-ft-luisa-sobral\/","title":{"rendered":"[New Single] Isaura &#8211; Uma Frase N\u00e3o Faz A Can\u00e7\u00e3o Ft. Lu\u00edsa Sobral"},"content":{"rendered":"<div class=\"wp-block-embed__wrapper\">\n<iframe width=\"900\" height=\"506\" src=\"https:\/\/www.youtube.com\/embed\/1sqIPJg7IdE?feature=oembed\" frameborder=\"0\" allowfullscreen><\/iframe>\n<\/div>","protected":false},"excerpt":{"rendered":"","protected":false},"author":3,"featured_media":4556,"comment_status":"open","ping_status":"open","sticky":false,"template":"","format":"video","meta":[],"categories":[26],"tags":[762,534],"_links":{"self":[{"href":"https:\/\/www.ecletismomusical.pt\/en\/wp-json\/wp\/v2\/posts\/4555"}],"collection":[{"href":"https:\/\/www.ecletismomusical.pt\/en\/wp-json\/wp\/v2\/posts"}],"about":[{"href":"https:\/\/www.ecletismomusical.pt\/en\/wp-json\/wp\/v2\/types\/post"}],"author":[{"embeddable":true,"href":"https:\/\/www.ecletismomusical.pt\/en\/wp-json\/wp\/v2\/users\/3"}],"replies":[{"embeddable":true,"href":"https:\/\/www.ecletismomusical.pt\/en\/wp-json\/wp\/v2\/comments?post=4555"}],"version-history":[{"count":1,"href":"https:\/\/www.ecletismomusical.pt\/en\/wp-json\/wp\/v2\/posts\/4555\/revisions"}],"predecessor-version":[{"id":4557,"href":"https:\/\/www.ecletismomusical.pt\/en\/wp-json\/wp\/v2\/posts\/4555\/revisions\/4557"}],"wp:featuredmedia":[{"embeddable":true,"href":"https:\/\/www.ecletismomusical.pt\/en\/wp-json\/wp\/v2\/media\/4556"}],"wp:attachment":[{"href":"https:\/\/www.ecletismomusical.pt\/en\/wp-json\/wp\/v2\/media?parent=4555"}],"wp:term":[{"taxonomy":"category","embeddable":true,"href":"https:\/\/www.ecletismomusical.pt\/en\/wp-json\/wp\/v2\/categories?post=4555"},{"taxonomy":"post_tag","embeddable":true,"href":"https:\/\/www.ecletismomusical.pt\/en\/wp-json\/wp\/v2\/tags?post=4555"}],"curies":[{"name":"wp","href":"https:\/\/api.w.org\/{rel}","templated":true}]}}