{"id":4569,"date":"2019-05-13T12:15:48","date_gmt":"2019-05-13T11:15:48","guid":{"rendered":"https:\/\/www.ecletismomusical.pt\/?p=4569"},"modified":"2019-05-13T12:16:57","modified_gmt":"2019-05-13T11:16:57","slug":"music-on-tv-conan-osiris-stereossauro-electrico-antena-3","status":"publish","type":"post","link":"https:\/\/www.ecletismomusical.pt\/en\/music-on-tv-conan-osiris-stereossauro-electrico-antena-3\/","title":{"rendered":"[Music on TV] Conan Osiris + Stereossauro | El\u00e9ctrico | Antena 3"},"content":{"rendered":"<div class=\"wp-block-embed__wrapper\">\nhttps:\/\/www.youtube.com\/watch?v=4Vp3ltLIK20\n<\/div>\n\n\n\n<p>No ano em que a Antena 3 celebra 25 anos, a r\u00e1dio leva a m\u00fasica portuguesa ao vivo ao canal da RTP1, com o novo programa El\u00e9ctrico. Duas bandas frente a frente em cada epis\u00f3dio.<\/p>","protected":false},"excerpt":{"rendered":"","protected":false},"author":3,"featured_media":4570,"comment_status":"open","ping_status":"open","sticky":false,"template":"","format":"standard","meta":[],"categories":[175],"tags":[552,766,767],"_links":{"self":[{"href":"https:\/\/www.ecletismomusical.pt\/en\/wp-json\/wp\/v2\/posts\/4569"}],"collection":[{"href":"https:\/\/www.ecletismomusical.pt\/en\/wp-json\/wp\/v2\/posts"}],"about":[{"href":"https:\/\/www.ecletismomusical.pt\/en\/wp-json\/wp\/v2\/types\/post"}],"author":[{"embeddable":true,"href":"https:\/\/www.ecletismomusical.pt\/en\/wp-json\/wp\/v2\/users\/3"}],"replies":[{"embeddable":true,"href":"https:\/\/www.ecletismomusical.pt\/en\/wp-json\/wp\/v2\/comments?post=4569"}],"version-history":[{"count":1,"href":"https:\/\/www.ecletismomusical.pt\/en\/wp-json\/wp\/v2\/posts\/4569\/revisions"}],"predecessor-version":[{"id":4571,"href":"https:\/\/www.ecletismomusical.pt\/en\/wp-json\/wp\/v2\/posts\/4569\/revisions\/4571"}],"wp:featuredmedia":[{"embeddable":true,"href":"https:\/\/www.ecletismomusical.pt\/en\/wp-json\/wp\/v2\/media\/4570"}],"wp:attachment":[{"href":"https:\/\/www.ecletismomusical.pt\/en\/wp-json\/wp\/v2\/media?parent=4569"}],"wp:term":[{"taxonomy":"category","embeddable":true,"href":"https:\/\/www.ecletismomusical.pt\/en\/wp-json\/wp\/v2\/categories?post=4569"},{"taxonomy":"post_tag","embeddable":true,"href":"https:\/\/www.ecletismomusical.pt\/en\/wp-json\/wp\/v2\/tags?post=4569"}],"curies":[{"name":"wp","href":"https:\/\/api.w.org\/{rel}","templated":true}]}}