{"id":458,"date":"2010-11-25T14:35:00","date_gmt":"2010-11-25T14:35:00","guid":{"rendered":"https:\/\/ecletismomusical.pt\/noiserv-palco-do-tempo-ao-vivo\/"},"modified":"2010-11-25T14:35:00","modified_gmt":"2010-11-25T14:35:00","slug":"noiserv-palco-do-tempo-ao-vivo","status":"publish","type":"post","link":"https:\/\/www.ecletismomusical.pt\/en\/noiserv-palco-do-tempo-ao-vivo\/","title":{"rendered":"Noiserv &#8211; Palco do Tempo [Ao Vivo]"},"content":{"rendered":"<div style=\"clear: both;text-align: center\"><a href=\"http:\/\/farm4.static.flickr.com\/3275\/3032102963_c1dc00b039.jpg?v=0\" style=\"clear: left;float: left;margin-bottom: 1em;margin-right: 1em\"><img height=\"240\" src=\"http:\/\/farm4.static.flickr.com\/3275\/3032102963_c1dc00b039.jpg?v=0\" width=\"320\" \/><\/a><\/div>\n<p><\/p>\n<div style=\"text-align: justify\"><span style=\"font-family: Arial, Helvetica, sans-serif\">Demonstrando mais uma vez porque \u00e9 que \u00e9 um dos mais promissores e interessantes artistas do panorama musical portugu\u00eas, <b><a href=\"http:\/\/www.myspace.com\/noiserv\">David Santos (aka Noiserv)<\/a><\/b> apresenta ao vivo &#8211; <b>\u00abPalco do Tempo\u00bb<\/b>, o tema que criou para a banda sonora do filme <b><a href=\"http:\/\/www.joseepilar.com\/\">\u00abJos\u00e9 &amp; Pilar\u00bb<\/a><\/b>.<\/span><\/div>\n<p><br \/><span style=\"font-family: Arial, Helvetica, sans-serif\">Genial como sempre!<\/span><br \/><span style=\"font-family: Arial, Helvetica, sans-serif\"><br \/><\/span><\/p>\n<div style=\"text-align: justify\"><span style=\"font-family: Arial, Helvetica, sans-serif\"><b>Relembramos que continua <a href=\"http:\/\/eclectismomusical.blogspot.com\/2010\/09\/entrevista-e-bootleg-exclusivo-noiserv.html\">dispon\u00edvel aqui<\/a> a entrevista e o download do bootleg do concerto de Noiserv no Teatro &#8220;A Barraca&#8221;!<\/b><\/span><br \/><span style=\"font-family: Arial, Helvetica, sans-serif\"><b><br \/><\/b><\/span><br \/><span style=\"font-family: Arial, Helvetica, sans-serif\">E que est\u00e1 tamb\u00e9m dispon\u00edvel via <a href=\"http:\/\/soundcloud.com\/pr360\/sot-ao\">Soundcloud<\/a> a m\u00fasica <b>&#8220;Sot \u00e3o&#8221;<\/b> que \u00e9 a m\u00fasica da iniciativa <a href=\"http:\/\/www.facebook.com\/pfc2010\"><b>&#8220;Pensar Fora da Caixa&#8221;<\/b><\/a>. O convite foi feito pela Antena 3, com o objectivo de juntar dois m\u00fasicos .<b> David Santos (noiserv) e Pedro Louren\u00e7o<\/b><\/span><span style=\"font-family: Arial, Helvetica, sans-serif\"><span><b>&nbsp;(You should go Ahead, Woman in Panic)<\/b>, para em  poucas horas (12h), e com materiais pouco convencionais, criar algo que demonstrasse a  ess\u00eancia do projecto, a ideia de que a <span>&#8230;<\/span><span>criatividade \u00e9  potenciada atrav\u00e9s da colabora\u00e7\u00e3o.&nbsp;<\/span><\/span><\/span><\/div>\n<p>  <a href=\"http:\/\/soundcloud.com\/pr360\/sot-ao\">Sot \u00e3o<\/a> by <a href=\"http:\/\/soundcloud.com\/pr360\">pr360<\/a><\/p>","protected":false},"excerpt":{"rendered":"<p>Demonstrando mais uma vez porque \u00e9 que \u00e9 um dos mais promissores e interessantes artistas do panorama musical portugu\u00eas, David Santos (aka Noiserv) apresenta ao vivo &#8211; \u00abPalco do Tempo\u00bb, o tema que criou para a banda sonora do filme \u00abJos\u00e9 &amp; Pilar\u00bb. Genial como sempre! Relembramos que continua dispon\u00edvel aqui a entrevista e o<\/p>","protected":false},"author":1,"featured_media":0,"comment_status":"open","ping_status":"open","sticky":false,"template":"","format":"standard","meta":[],"categories":[1],"tags":[],"_links":{"self":[{"href":"https:\/\/www.ecletismomusical.pt\/en\/wp-json\/wp\/v2\/posts\/458"}],"collection":[{"href":"https:\/\/www.ecletismomusical.pt\/en\/wp-json\/wp\/v2\/posts"}],"about":[{"href":"https:\/\/www.ecletismomusical.pt\/en\/wp-json\/wp\/v2\/types\/post"}],"author":[{"embeddable":true,"href":"https:\/\/www.ecletismomusical.pt\/en\/wp-json\/wp\/v2\/users\/1"}],"replies":[{"embeddable":true,"href":"https:\/\/www.ecletismomusical.pt\/en\/wp-json\/wp\/v2\/comments?post=458"}],"version-history":[{"count":0,"href":"https:\/\/www.ecletismomusical.pt\/en\/wp-json\/wp\/v2\/posts\/458\/revisions"}],"wp:attachment":[{"href":"https:\/\/www.ecletismomusical.pt\/en\/wp-json\/wp\/v2\/media?parent=458"}],"wp:term":[{"taxonomy":"category","embeddable":true,"href":"https:\/\/www.ecletismomusical.pt\/en\/wp-json\/wp\/v2\/categories?post=458"},{"taxonomy":"post_tag","embeddable":true,"href":"https:\/\/www.ecletismomusical.pt\/en\/wp-json\/wp\/v2\/tags?post=458"}],"curies":[{"name":"wp","href":"https:\/\/api.w.org\/{rel}","templated":true}]}}