{"id":459,"date":"2010-11-25T12:59:00","date_gmt":"2010-11-25T12:59:00","guid":{"rendered":"https:\/\/ecletismomusical.pt\/arcade-fire-the-suburbs-videoclip-oficial\/"},"modified":"2010-11-25T12:59:00","modified_gmt":"2010-11-25T12:59:00","slug":"arcade-fire-the-suburbs-videoclip-oficial","status":"publish","type":"post","link":"https:\/\/www.ecletismomusical.pt\/en\/arcade-fire-the-suburbs-videoclip-oficial\/","title":{"rendered":"Arcade Fire &#8211; The Suburbs [Videoclip Oficial]"},"content":{"rendered":"<div style=\"clear: both;text-align: center\"><a href=\"http:\/\/www.blogcdn.com\/www.spinner.com\/media\/2006\/12\/the-arcade-fire-merge-400.jpg\" style=\"clear: left;float: left;margin-bottom: 1em;margin-right: 1em\"><img height=\"237\" src=\"http:\/\/www.blogcdn.com\/www.spinner.com\/media\/2006\/12\/the-arcade-fire-merge-400.jpg\" width=\"320\" \/><\/a><\/div>\n<p><\/p>\n<div style=\"text-align: justify\"><span style=\"font-family: Arial, Helvetica, sans-serif\">Os <b><a href=\"http:\/\/www.arcadefire.com\/\">Arcade Fire<\/a><\/b> apresentaram recentemente o <b>Videoclip Oficial<\/b> para <b>\u00abThe Suburbs\u00bb<\/b>, can\u00e7\u00e3o t\u00edtulo do \u00e1lbum que N(AtO) apresentaram em Portugal. O Video foi realizado por<b> Spike Jonze.<\/b><\/span><\/div>\n<p><\/p>","protected":false},"excerpt":{"rendered":"<p>Os Arcade Fire apresentaram recentemente o Videoclip Oficial para \u00abThe Suburbs\u00bb, can\u00e7\u00e3o t\u00edtulo do \u00e1lbum que N(AtO) apresentaram em Portugal. O Video foi realizado por Spike Jonze.<\/p>","protected":false},"author":1,"featured_media":0,"comment_status":"open","ping_status":"open","sticky":false,"template":"","format":"standard","meta":[],"categories":[1],"tags":[],"_links":{"self":[{"href":"https:\/\/www.ecletismomusical.pt\/en\/wp-json\/wp\/v2\/posts\/459"}],"collection":[{"href":"https:\/\/www.ecletismomusical.pt\/en\/wp-json\/wp\/v2\/posts"}],"about":[{"href":"https:\/\/www.ecletismomusical.pt\/en\/wp-json\/wp\/v2\/types\/post"}],"author":[{"embeddable":true,"href":"https:\/\/www.ecletismomusical.pt\/en\/wp-json\/wp\/v2\/users\/1"}],"replies":[{"embeddable":true,"href":"https:\/\/www.ecletismomusical.pt\/en\/wp-json\/wp\/v2\/comments?post=459"}],"version-history":[{"count":0,"href":"https:\/\/www.ecletismomusical.pt\/en\/wp-json\/wp\/v2\/posts\/459\/revisions"}],"wp:attachment":[{"href":"https:\/\/www.ecletismomusical.pt\/en\/wp-json\/wp\/v2\/media?parent=459"}],"wp:term":[{"taxonomy":"category","embeddable":true,"href":"https:\/\/www.ecletismomusical.pt\/en\/wp-json\/wp\/v2\/categories?post=459"},{"taxonomy":"post_tag","embeddable":true,"href":"https:\/\/www.ecletismomusical.pt\/en\/wp-json\/wp\/v2\/tags?post=459"}],"curies":[{"name":"wp","href":"https:\/\/api.w.org\/{rel}","templated":true}]}}