{"id":463,"date":"2010-11-16T16:31:00","date_gmt":"2010-11-16T16:31:00","guid":{"rendered":"https:\/\/ecletismomusical.pt\/imogen-heap-em-portugal\/"},"modified":"2010-11-16T16:31:00","modified_gmt":"2010-11-16T16:31:00","slug":"imogen-heap-em-portugal","status":"publish","type":"post","link":"https:\/\/www.ecletismomusical.pt\/en\/imogen-heap-em-portugal\/","title":{"rendered":"Imogen Heap em Portugal!"},"content":{"rendered":"<div style=\"clear: both;text-align: center\"><a href=\"http:\/\/www.imogenheap.com\/media\/images\/sfy_promo\/imogen_heap_9.jpg\" style=\"clear: left;float: left;margin-bottom: 1em;margin-right: 1em\"><img height=\"252\" src=\"http:\/\/www.imogenheap.com\/media\/images\/sfy_promo\/imogen_heap_9.jpg\" width=\"320\" \/><\/a><\/div>\n<div style=\"text-align: justify\"><span style=\"font-family: Arial, Helvetica, sans-serif\"><br \/><\/span><\/div>\n<div style=\"text-align: justify\"><span style=\"font-family: Arial, Helvetica, sans-serif\">A estreia em Portugal da multi-instrumentalista brit\u00e2nica, <b><a href=\"http:\/\/megaphonicrecords.com\/\">Imogen Heap<\/a><\/b>, acontecer\u00e1 <b>a 28 e 29 de Novembro, na Aula Magna (Lisboa) e no Hard Club (Porto)<\/b>, respectivamente.<\/span><\/div>\n<div style=\"text-align: justify\"><\/div>\n<div style=\"text-align: justify\"><span style=\"font-family: Arial, Helvetica, sans-serif\"><br \/><\/span><\/div>\n<div style=\"text-align: justify\"><span style=\"font-family: Arial, Helvetica, sans-serif\">Com tr\u00eas discos a solo, <b>Imogen Heap<\/b> apresentar\u00e1 em Portugal &#8211; <b>\u00abEllipse\u00bb<\/b>, o seu \u00faltimo \u00e1lbum inclusivamente j\u00e1 premiado com um Grammy.<\/span><\/div>\n<div style=\"text-align: justify\"><span style=\"font-family: Arial, Helvetica, sans-serif\"><br \/><\/span><\/div>\n<p><\/p>","protected":false},"excerpt":{"rendered":"<p>A estreia em Portugal da multi-instrumentalista brit\u00e2nica, Imogen Heap, acontecer\u00e1 a 28 e 29 de Novembro, na Aula Magna (Lisboa) e no Hard Club (Porto), respectivamente. Com tr\u00eas discos a solo, Imogen Heap apresentar\u00e1 em Portugal &#8211; \u00abEllipse\u00bb, o seu \u00faltimo \u00e1lbum inclusivamente j\u00e1 premiado com um Grammy.<\/p>","protected":false},"author":1,"featured_media":0,"comment_status":"open","ping_status":"open","sticky":false,"template":"","format":"standard","meta":[],"categories":[1],"tags":[],"_links":{"self":[{"href":"https:\/\/www.ecletismomusical.pt\/en\/wp-json\/wp\/v2\/posts\/463"}],"collection":[{"href":"https:\/\/www.ecletismomusical.pt\/en\/wp-json\/wp\/v2\/posts"}],"about":[{"href":"https:\/\/www.ecletismomusical.pt\/en\/wp-json\/wp\/v2\/types\/post"}],"author":[{"embeddable":true,"href":"https:\/\/www.ecletismomusical.pt\/en\/wp-json\/wp\/v2\/users\/1"}],"replies":[{"embeddable":true,"href":"https:\/\/www.ecletismomusical.pt\/en\/wp-json\/wp\/v2\/comments?post=463"}],"version-history":[{"count":0,"href":"https:\/\/www.ecletismomusical.pt\/en\/wp-json\/wp\/v2\/posts\/463\/revisions"}],"wp:attachment":[{"href":"https:\/\/www.ecletismomusical.pt\/en\/wp-json\/wp\/v2\/media?parent=463"}],"wp:term":[{"taxonomy":"category","embeddable":true,"href":"https:\/\/www.ecletismomusical.pt\/en\/wp-json\/wp\/v2\/categories?post=463"},{"taxonomy":"post_tag","embeddable":true,"href":"https:\/\/www.ecletismomusical.pt\/en\/wp-json\/wp\/v2\/tags?post=463"}],"curies":[{"name":"wp","href":"https:\/\/api.w.org\/{rel}","templated":true}]}}