{"id":464,"date":"2010-11-11T16:46:00","date_gmt":"2010-11-11T16:46:00","guid":{"rendered":"https:\/\/ecletismomusical.pt\/the-tallest-man-on-earth-the-wild-hunt\/"},"modified":"2010-11-11T16:46:00","modified_gmt":"2010-11-11T16:46:00","slug":"the-tallest-man-on-earth-the-wild-hunt","status":"publish","type":"post","link":"https:\/\/www.ecletismomusical.pt\/en\/the-tallest-man-on-earth-the-wild-hunt\/","title":{"rendered":"The Tallest Man On Earth &#8211; The Wild Hunt"},"content":{"rendered":"<div style=\"clear: both;text-align: center\"><a href=\"http:\/\/www.exitmusic.ch\/images\/stories\/coverbilder\/wildhunt.jpg\" style=\"clear: left;float: left;margin-bottom: 1em;margin-right: 1em\"><img height=\"320\" src=\"http:\/\/www.exitmusic.ch\/images\/stories\/coverbilder\/wildhunt.jpg\" width=\"320\" \/><\/a><\/div>\n<p><\/p>\n<div style=\"font-family: Arial,Helvetica,sans-serif;text-align: justify\"><b>Kristian Matsson<\/b> Aka <a href=\"http:\/\/www.myspace.com\/thetallestmanonearth\"><b>The Tallest Man On Earth<\/b><\/a> n\u00e3o \u00e9 o <b>Bob Dylan<\/b>, mas a associa\u00e7\u00e3o \u00e9 imediata. No entanto, aquilo que este sueco faz n\u00e3o \u00e9 imitar ou plagiar, Kristian mostra-se um apaixonado pelo trabalho de Dylan e, com um timbre de voz parecido, s\u00e3o inevit\u00e1veis as compara\u00e7\u00f5es. <\/div>\n<div style=\"font-family: Arial,Helvetica,sans-serif;text-align: justify\"><b><br \/><\/b><\/div>\n<div style=\"font-family: Arial,Helvetica,sans-serif;text-align: justify\"><b>\u00abThe Wild Hunt\u00bb<\/b> \u00e9 o segundo \u00e1lbum de <a href=\"http:\/\/www.myspace.com\/thetallestmanonearth\"><b>Tallest Man On  Earth<\/b><\/a> e vem cimentar a sua posi\u00e7\u00e3o na linha da frente dos novos nomes da m\u00fasica <b>flok\/indie<\/b> de tradi\u00e7\u00e3o americana. Talvez mostrando que a Natureza se repete e que as paisagens e ambientes do interior dos Estados Unidos da Am\u00e9rica podem replicar-se nas paisagens rurais da Escandin\u00e1via, este \u00e1lbum \u00e9 composto por sonoridades e paisagens sonoras de contempla\u00e7\u00e3o, beleza e tranquilidade. Voz e guitarra mais uma vez a encher a sala.<\/div>\n<div style=\"font-family: Arial,Helvetica,sans-serif;text-align: justify\"><b><br \/><\/b><\/div>\n<div style=\"font-family: Arial,Helvetica,sans-serif;text-align: justify\"><b>Kristian Matsson<\/b>, enquanto <b>The Tallest Man On Earth<\/b>, esteve no <b>Festival Paredes de Coura<\/b> deste ano:<\/div>\n<p><span style=\"color: #999999;font-family: Verdana;font-size: xx-small\"><br \/><a href=\"http:\/\/www.myspace.com\/video\/vid\/106048155\">The Tallest Man On Earth no Paredes de Coura 2010<\/a><br \/><br \/><a href=\"http:\/\/www.myspace.com\/308422505\">MyPortugal<\/a> | <a href=\"http:\/\/vids.myspace.com\/\">Myspace Video<\/a><\/span><\/p>","protected":false},"excerpt":{"rendered":"<p>Kristian Matsson Aka The Tallest Man On Earth n\u00e3o \u00e9 o Bob Dylan, mas a associa\u00e7\u00e3o \u00e9 imediata. No entanto, aquilo que este sueco faz n\u00e3o \u00e9 imitar ou plagiar, Kristian mostra-se um apaixonado pelo trabalho de Dylan e, com um timbre de voz parecido, s\u00e3o inevit\u00e1veis as compara\u00e7\u00f5es. \u00abThe Wild Hunt\u00bb \u00e9 o segundo<\/p>","protected":false},"author":1,"featured_media":0,"comment_status":"open","ping_status":"open","sticky":false,"template":"","format":"standard","meta":[],"categories":[1],"tags":[],"_links":{"self":[{"href":"https:\/\/www.ecletismomusical.pt\/en\/wp-json\/wp\/v2\/posts\/464"}],"collection":[{"href":"https:\/\/www.ecletismomusical.pt\/en\/wp-json\/wp\/v2\/posts"}],"about":[{"href":"https:\/\/www.ecletismomusical.pt\/en\/wp-json\/wp\/v2\/types\/post"}],"author":[{"embeddable":true,"href":"https:\/\/www.ecletismomusical.pt\/en\/wp-json\/wp\/v2\/users\/1"}],"replies":[{"embeddable":true,"href":"https:\/\/www.ecletismomusical.pt\/en\/wp-json\/wp\/v2\/comments?post=464"}],"version-history":[{"count":0,"href":"https:\/\/www.ecletismomusical.pt\/en\/wp-json\/wp\/v2\/posts\/464\/revisions"}],"wp:attachment":[{"href":"https:\/\/www.ecletismomusical.pt\/en\/wp-json\/wp\/v2\/media?parent=464"}],"wp:term":[{"taxonomy":"category","embeddable":true,"href":"https:\/\/www.ecletismomusical.pt\/en\/wp-json\/wp\/v2\/categories?post=464"},{"taxonomy":"post_tag","embeddable":true,"href":"https:\/\/www.ecletismomusical.pt\/en\/wp-json\/wp\/v2\/tags?post=464"}],"curies":[{"name":"wp","href":"https:\/\/api.w.org\/{rel}","templated":true}]}}