{"id":4656,"date":"2019-05-27T11:18:15","date_gmt":"2019-05-27T10:18:15","guid":{"rendered":"https:\/\/www.ecletismomusical.pt\/?p=4656"},"modified":"2019-05-27T11:19:24","modified_gmt":"2019-05-27T10:19:24","slug":"worth-listening-to-luis-severo-primavera-ao-vivo-na-antena-3","status":"publish","type":"post","link":"https:\/\/www.ecletismomusical.pt\/en\/worth-listening-to-luis-severo-primavera-ao-vivo-na-antena-3\/","title":{"rendered":"[Worth Listening To] Lu\u00eds Severo &#8211; Primavera | Ao Vivo Na Antena 3"},"content":{"rendered":"<div class=\"wp-block-embed__wrapper\">\n<iframe width=\"900\" height=\"506\" src=\"https:\/\/www.youtube.com\/embed\/l2L5j6WJF1I?feature=oembed\" frameborder=\"0\" allowfullscreen><\/iframe>\n<\/div>\n\n\n\n<p><em>&#8220;O terceiro e novo disco de Lu\u00eds Severo j\u00e1 est\u00e1 c\u00e1 fora. Foi um ano e meio de composi\u00e7\u00e3o para construir o trabalho mais pessoal, \u00edntimo e autobiogr\u00e1fico de todos. Para Lu\u00eds Severo, &#8220;O Sol Voltou&#8221;, mas isso n\u00e3o quer dizer que n\u00e3o existam tamb\u00e9m recantos pouco luminosos.&#8221;<\/em><\/p>","protected":false},"excerpt":{"rendered":"","protected":false},"author":3,"featured_media":4657,"comment_status":"open","ping_status":"open","sticky":false,"template":"","format":"standard","meta":[],"categories":[30],"tags":[552,795,115],"_links":{"self":[{"href":"https:\/\/www.ecletismomusical.pt\/en\/wp-json\/wp\/v2\/posts\/4656"}],"collection":[{"href":"https:\/\/www.ecletismomusical.pt\/en\/wp-json\/wp\/v2\/posts"}],"about":[{"href":"https:\/\/www.ecletismomusical.pt\/en\/wp-json\/wp\/v2\/types\/post"}],"author":[{"embeddable":true,"href":"https:\/\/www.ecletismomusical.pt\/en\/wp-json\/wp\/v2\/users\/3"}],"replies":[{"embeddable":true,"href":"https:\/\/www.ecletismomusical.pt\/en\/wp-json\/wp\/v2\/comments?post=4656"}],"version-history":[{"count":1,"href":"https:\/\/www.ecletismomusical.pt\/en\/wp-json\/wp\/v2\/posts\/4656\/revisions"}],"predecessor-version":[{"id":4658,"href":"https:\/\/www.ecletismomusical.pt\/en\/wp-json\/wp\/v2\/posts\/4656\/revisions\/4658"}],"wp:featuredmedia":[{"embeddable":true,"href":"https:\/\/www.ecletismomusical.pt\/en\/wp-json\/wp\/v2\/media\/4657"}],"wp:attachment":[{"href":"https:\/\/www.ecletismomusical.pt\/en\/wp-json\/wp\/v2\/media?parent=4656"}],"wp:term":[{"taxonomy":"category","embeddable":true,"href":"https:\/\/www.ecletismomusical.pt\/en\/wp-json\/wp\/v2\/categories?post=4656"},{"taxonomy":"post_tag","embeddable":true,"href":"https:\/\/www.ecletismomusical.pt\/en\/wp-json\/wp\/v2\/tags?post=4656"}],"curies":[{"name":"wp","href":"https:\/\/api.w.org\/{rel}","templated":true}]}}