{"id":467,"date":"2010-11-08T16:44:00","date_gmt":"2010-11-08T16:44:00","guid":{"rendered":"https:\/\/ecletismomusical.pt\/noiserv-em-portugues\/"},"modified":"2010-11-08T16:44:00","modified_gmt":"2010-11-08T16:44:00","slug":"noiserv-em-portugues","status":"publish","type":"post","link":"https:\/\/www.ecletismomusical.pt\/en\/noiserv-em-portugues\/","title":{"rendered":"Noiserv &#8211; Em Portugu\u00eas"},"content":{"rendered":"<div style=\"clear: both;text-align: center\"><a href=\"http:\/\/farm4.static.flickr.com\/3077\/2366622024_8955bcaca7_b.jpg\" style=\"clear: left;float: left;margin-bottom: 1em;margin-right: 1em\"><img height=\"320\" src=\"http:\/\/farm4.static.flickr.com\/3077\/2366622024_8955bcaca7_b.jpg\" width=\"226\" \/><\/a><\/div>\n<p><\/p>\n<div>\n<h3><span>&nbsp;<\/span><\/h3>\n<h3><span>&nbsp;<\/span><\/h3>\n<h3><span>&nbsp;<\/span><\/h3>\n<h3><span>&nbsp;<\/span><\/h3>\n<h3><span>&nbsp;<\/span><\/h3>\n<h3><span><\/p>\n<p><\/span><\/h3>\n<h3 style=\"font-family: Arial,Helvetica,sans-serif;font-weight: normal;text-align: justify\"><span style=\"font-size: small\"><\/p>\n<p>J\u00e1 est\u00e1 dispon\u00edvel para audi\u00e7\u00e3o, no <a href=\"http:\/\/www.myspace.com\/noiserv\">myspace do m\u00fasico<\/a>, a nova m\u00fasica <b>&#8220;Palco do Tempo&#8221;<\/b> feita  para a banda sonora do filme <b>&#8220;Jos\u00e9&amp;Pilar&#8221;<\/b>.<\/span><\/h3>\n<h3 style=\"font-family: Arial,Helvetica,sans-serif;font-weight: normal;text-align: justify\"><span>&nbsp;<\/span><\/h3>\n<\/div>\n<div><a href=\"http:\/\/www.myspace.com\/music\/7562265\/songs\/76495204\/?ap=1&amp;sms_ss=blogger&amp;at_xt=4cd829284dd30931,0\">Palco do Tempo por noiserv<\/a><\/div>","protected":false},"excerpt":{"rendered":"<p>&nbsp; &nbsp; &nbsp; &nbsp; &nbsp; J\u00e1 est\u00e1 dispon\u00edvel para audi\u00e7\u00e3o, no myspace do m\u00fasico, a nova m\u00fasica &#8220;Palco do Tempo&#8221; feita para a banda sonora do filme &#8220;Jos\u00e9&amp;Pilar&#8221;. &nbsp; Palco do Tempo por noiserv<\/p>","protected":false},"author":1,"featured_media":0,"comment_status":"open","ping_status":"open","sticky":false,"template":"","format":"standard","meta":[],"categories":[1],"tags":[],"_links":{"self":[{"href":"https:\/\/www.ecletismomusical.pt\/en\/wp-json\/wp\/v2\/posts\/467"}],"collection":[{"href":"https:\/\/www.ecletismomusical.pt\/en\/wp-json\/wp\/v2\/posts"}],"about":[{"href":"https:\/\/www.ecletismomusical.pt\/en\/wp-json\/wp\/v2\/types\/post"}],"author":[{"embeddable":true,"href":"https:\/\/www.ecletismomusical.pt\/en\/wp-json\/wp\/v2\/users\/1"}],"replies":[{"embeddable":true,"href":"https:\/\/www.ecletismomusical.pt\/en\/wp-json\/wp\/v2\/comments?post=467"}],"version-history":[{"count":0,"href":"https:\/\/www.ecletismomusical.pt\/en\/wp-json\/wp\/v2\/posts\/467\/revisions"}],"wp:attachment":[{"href":"https:\/\/www.ecletismomusical.pt\/en\/wp-json\/wp\/v2\/media?parent=467"}],"wp:term":[{"taxonomy":"category","embeddable":true,"href":"https:\/\/www.ecletismomusical.pt\/en\/wp-json\/wp\/v2\/categories?post=467"},{"taxonomy":"post_tag","embeddable":true,"href":"https:\/\/www.ecletismomusical.pt\/en\/wp-json\/wp\/v2\/tags?post=467"}],"curies":[{"name":"wp","href":"https:\/\/api.w.org\/{rel}","templated":true}]}}